{"id":10574,"date":"2025-03-15T13:21:22","date_gmt":"2025-03-15T17:21:22","guid":{"rendered":"https:\/\/desdelsurnoticias.com\/?p=10574"},"modified":"2025-03-15T13:21:33","modified_gmt":"2025-03-15T17:21:33","slug":"persiste-la-busqueda-de-matias-el-nino-que-cayo-al-rio-en-oruro","status":"publish","type":"post","link":"https:\/\/desdelsurnoticias.com\/index.php\/2025\/03\/15\/persiste-la-busqueda-de-matias-el-nino-que-cayo-al-rio-en-oruro\/","title":{"rendered":"PERSISTE LA B\u00daSQUEDA DE MAT\u00cdAS, EL NI\u00d1O QUE CAY\u00d3 AL R\u00cdO EN ORURO"},"content":{"rendered":"\n<p>A esta hora de la ma\u00f1ana, la b\u00fasqueda contin\u00faa.<br>Personal del Gobierno Aut\u00f3nomo Municipal de Oruro en coordinaci\u00f3n con el Grupo SAR Bolivia, desde temprana horas, persisten en la b\u00fasqueda El ni\u00f1o de 7 a\u00f1os que habr\u00eda ca\u00eddo a un canal en la J. V. Plan 2000 Mineros Huanuni cuando intentaba pasar por las rieles de un lado a otro por este canal, el rastrillaje ya avanz\u00f3 m\u00e1s de 500 metros y continuar\u00e1 hasta la carretera a La Joya con la esperanza de encontrar al menor.<\/p>\n\n\n\n<figure class=\"wp-block-image size-large\"><img loading=\"lazy\" decoding=\"async\" width=\"1024\" height=\"683\" src=\"https:\/\/desdelsurnoticias.com\/wp-content\/uploads\/2025\/03\/fb_img_17420591934766767618059007770982-1024x683.jpg\" alt=\"\" class=\"wp-image-10573\" srcset=\"https:\/\/desdelsurnoticias.com\/wp-content\/uploads\/2025\/03\/fb_img_17420591934766767618059007770982-1024x683.jpg 1024w, https:\/\/desdelsurnoticias.com\/wp-content\/uploads\/2025\/03\/fb_img_17420591934766767618059007770982-300x200.jpg 300w, https:\/\/desdelsurnoticias.com\/wp-content\/uploads\/2025\/03\/fb_img_17420591934766767618059007770982-768x512.jpg 768w, https:\/\/desdelsurnoticias.com\/wp-content\/uploads\/2025\/03\/fb_img_17420591934766767618059007770982.jpg 1080w\" sizes=\"auto, (max-width: 1024px) 100vw, 1024px\" \/><\/figure>\n","protected":false},"excerpt":{"rendered":"<p>A esta hora de la ma\u00f1ana, la b\u00fasqueda contin\u00faa.Personal del Gobierno Aut\u00f3nomo Municipal de Oruro en coordinaci\u00f3n con<\/p>\n","protected":false},"author":1,"featured_media":10573,"comment_status":"closed","ping_status":"","sticky":false,"template":"","format":"standard","meta":{"fifu_image_url":"","fifu_image_alt":"","footnotes":""},"categories":[36],"tags":[],"class_list":["post-10574","post","type-post","status-publish","format-standard","has-post-thumbnail","hentry","category-oruro"],"_links":{"self":[{"href":"https:\/\/desdelsurnoticias.com\/index.php\/wp-json\/wp\/v2\/posts\/10574","targetHints":{"allow":["GET"]}}],"collection":[{"href":"https:\/\/desdelsurnoticias.com\/index.php\/wp-json\/wp\/v2\/posts"}],"about":[{"href":"https:\/\/desdelsurnoticias.com\/index.php\/wp-json\/wp\/v2\/types\/post"}],"author":[{"embeddable":true,"href":"https:\/\/desdelsurnoticias.com\/index.php\/wp-json\/wp\/v2\/users\/1"}],"replies":[{"embeddable":true,"href":"https:\/\/desdelsurnoticias.com\/index.php\/wp-json\/wp\/v2\/comments?post=10574"}],"version-history":[{"count":1,"href":"https:\/\/desdelsurnoticias.com\/index.php\/wp-json\/wp\/v2\/posts\/10574\/revisions"}],"predecessor-version":[{"id":10575,"href":"https:\/\/desdelsurnoticias.com\/index.php\/wp-json\/wp\/v2\/posts\/10574\/revisions\/10575"}],"wp:featuredmedia":[{"embeddable":true,"href":"https:\/\/desdelsurnoticias.com\/index.php\/wp-json\/wp\/v2\/media\/10573"}],"wp:attachment":[{"href":"https:\/\/desdelsurnoticias.com\/index.php\/wp-json\/wp\/v2\/media?parent=10574"}],"wp:term":[{"taxonomy":"category","embeddable":true,"href":"https:\/\/desdelsurnoticias.com\/index.php\/wp-json\/wp\/v2\/categories?post=10574"},{"taxonomy":"post_tag","embeddable":true,"href":"https:\/\/desdelsurnoticias.com\/index.php\/wp-json\/wp\/v2\/tags?post=10574"}],"curies":[{"name":"wp","href":"https:\/\/api.w.org\/{rel}","templated":true}]}}