{"id":10608,"date":"2025-03-19T12:36:50","date_gmt":"2025-03-19T16:36:50","guid":{"rendered":"https:\/\/desdelsurnoticias.com\/?p=10608"},"modified":"2025-03-19T12:37:07","modified_gmt":"2025-03-19T16:37:07","slug":"aprueban-el-credito-de-us-75-millones-de-la-caf-para-el-estado","status":"publish","type":"post","link":"https:\/\/desdelsurnoticias.com\/index.php\/2025\/03\/19\/aprueban-el-credito-de-us-75-millones-de-la-caf-para-el-estado\/","title":{"rendered":"APRUEBAN EL CR\u00c9DITO DE $US 75 MILLONES DE LA CAF PARA EL ESTADO"},"content":{"rendered":"\n<p><br><br>La C\u00e1mara de Senadores sancion\u00f3 este martes el pr\u00e9stamo de la #CAF para financiar el Programa de apoyo para la gesti\u00f3n de riesgos ante eventos clim\u00e1ticos adversos. <\/p>\n\n\n\n<p><br><br>El proyecto, aprobado en la c\u00e1mara de diputados hace cinco meses, fue remitido al Gobierno para su promulgaci\u00f3n.<br><br>\u00abAcabamos de recibir la ley que fue aprobada ayer en la C\u00e1mara de Senadores que viabiliza el contrato de pr\u00e9stamo para el Programa de Apoyo para la Gesti\u00f3n de Riesgos ante Eventos Adversos del Clima, y \u00a1LA PROMULGAMOS DE INMEDIATO!\u00bb, escribi\u00f3 el presidente Lucho Arce en sus redes sociales.<\/p>\n\n\n\n<figure class=\"wp-block-image size-large\"><img loading=\"lazy\" decoding=\"async\" width=\"893\" height=\"817\" src=\"https:\/\/desdelsurnoticias.com\/wp-content\/uploads\/2025\/03\/fb_img_17424021380263350551428977268102.jpg\" alt=\"\" class=\"wp-image-10607\" srcset=\"https:\/\/desdelsurnoticias.com\/wp-content\/uploads\/2025\/03\/fb_img_17424021380263350551428977268102.jpg 893w, https:\/\/desdelsurnoticias.com\/wp-content\/uploads\/2025\/03\/fb_img_17424021380263350551428977268102-300x274.jpg 300w, https:\/\/desdelsurnoticias.com\/wp-content\/uploads\/2025\/03\/fb_img_17424021380263350551428977268102-768x703.jpg 768w\" sizes=\"auto, (max-width: 893px) 100vw, 893px\" \/><\/figure>\n\n\n\n<p><\/p>\n","protected":false},"excerpt":{"rendered":"<p>La C\u00e1mara de Senadores sancion\u00f3 este martes el pr\u00e9stamo de la #CAF para financiar el Programa de apoyo<\/p>\n","protected":false},"author":1,"featured_media":10607,"comment_status":"closed","ping_status":"","sticky":false,"template":"","format":"standard","meta":{"fifu_image_url":"","fifu_image_alt":"","footnotes":""},"categories":[22],"tags":[],"class_list":["post-10608","post","type-post","status-publish","format-standard","has-post-thumbnail","hentry","category-bolivia"],"_links":{"self":[{"href":"https:\/\/desdelsurnoticias.com\/index.php\/wp-json\/wp\/v2\/posts\/10608","targetHints":{"allow":["GET"]}}],"collection":[{"href":"https:\/\/desdelsurnoticias.com\/index.php\/wp-json\/wp\/v2\/posts"}],"about":[{"href":"https:\/\/desdelsurnoticias.com\/index.php\/wp-json\/wp\/v2\/types\/post"}],"author":[{"embeddable":true,"href":"https:\/\/desdelsurnoticias.com\/index.php\/wp-json\/wp\/v2\/users\/1"}],"replies":[{"embeddable":true,"href":"https:\/\/desdelsurnoticias.com\/index.php\/wp-json\/wp\/v2\/comments?post=10608"}],"version-history":[{"count":1,"href":"https:\/\/desdelsurnoticias.com\/index.php\/wp-json\/wp\/v2\/posts\/10608\/revisions"}],"predecessor-version":[{"id":10609,"href":"https:\/\/desdelsurnoticias.com\/index.php\/wp-json\/wp\/v2\/posts\/10608\/revisions\/10609"}],"wp:featuredmedia":[{"embeddable":true,"href":"https:\/\/desdelsurnoticias.com\/index.php\/wp-json\/wp\/v2\/media\/10607"}],"wp:attachment":[{"href":"https:\/\/desdelsurnoticias.com\/index.php\/wp-json\/wp\/v2\/media?parent=10608"}],"wp:term":[{"taxonomy":"category","embeddable":true,"href":"https:\/\/desdelsurnoticias.com\/index.php\/wp-json\/wp\/v2\/categories?post=10608"},{"taxonomy":"post_tag","embeddable":true,"href":"https:\/\/desdelsurnoticias.com\/index.php\/wp-json\/wp\/v2\/tags?post=10608"}],"curies":[{"name":"wp","href":"https:\/\/api.w.org\/{rel}","templated":true}]}}