{"id":10681,"date":"2025-03-27T08:05:34","date_gmt":"2025-03-27T12:05:34","guid":{"rendered":"https:\/\/desdelsurnoticias.com\/?p=10681"},"modified":"2025-03-27T08:05:44","modified_gmt":"2025-03-27T12:05:44","slug":"decomisaron-24-000-litros-de-dieselel-comando-estrategico-operacional-de-lucha-contra-el-contrabando-ceo-lcc-la-madrugada-de-este-miercoles-comiso-en-el-sector-de-chachacomani-del-departamento-de-la","status":"publish","type":"post","link":"https:\/\/desdelsurnoticias.com\/index.php\/2025\/03\/27\/decomisaron-24-000-litros-de-dieselel-comando-estrategico-operacional-de-lucha-contra-el-contrabando-ceo-lcc-la-madrugada-de-este-miercoles-comiso-en-el-sector-de-chachacomani-del-departamento-de-la\/","title":{"rendered":"DECOMISARON 24.000 LITROS DE DI\u00c9SELEl Comando Estrat\u00e9gico Operacional de Lucha Contra el Contrabando (CEO-LCC) la madrugada de este mi\u00e9rcoles comis\u00f3 en el sector de Chachacomani del departamento de La Paz, 24.000 litros de di\u00e9sel, inform\u00f3 el viceministro de Lucha Contra el Contrabando, Luis Am\u00edlcar Vel\u00e1zquez."},"content":{"rendered":"\n<p><\/p>\n\n\n\n<p>Acot\u00f3 que de enero a la fecha se han comisado 66.600 litros de di\u00e9sel y 451 garrafas, habi\u00e9ndose realizado 14.000 escoltas a cisternas que transportan combustible en el desplazamiento a diferentes lugares del pa\u00eds, cont\u00e1ndose para este efecto con 1.600 efectivos militares que cumplen esta misi\u00f3n.<\/p>\n\n\n\n<p>Sostuvo que hay efectivos militares desplegados en toda la l\u00ednea fronteriza del Estado Plurinacional de Bolivia y los comandos estrat\u00e9gicos operacionales dependientes de las Fuerzas Armadas, realizando un control riguroso de los combustible<\/p>\n\n\n\n<figure class=\"wp-block-image size-large\"><img loading=\"lazy\" decoding=\"async\" width=\"1024\" height=\"768\" src=\"https:\/\/desdelsurnoticias.com\/wp-content\/uploads\/2025\/03\/fb_img_17430770726509220895424884610063-1024x768.jpg\" alt=\"\" class=\"wp-image-10680\" srcset=\"https:\/\/desdelsurnoticias.com\/wp-content\/uploads\/2025\/03\/fb_img_17430770726509220895424884610063-1024x768.jpg 1024w, https:\/\/desdelsurnoticias.com\/wp-content\/uploads\/2025\/03\/fb_img_17430770726509220895424884610063-300x225.jpg 300w, https:\/\/desdelsurnoticias.com\/wp-content\/uploads\/2025\/03\/fb_img_17430770726509220895424884610063-768x576.jpg 768w, https:\/\/desdelsurnoticias.com\/wp-content\/uploads\/2025\/03\/fb_img_17430770726509220895424884610063.jpg 1080w\" sizes=\"auto, (max-width: 1024px) 100vw, 1024px\" \/><\/figure>\n","protected":false},"excerpt":{"rendered":"<p>Acot\u00f3 que de enero a la fecha se han comisado 66.600 litros de di\u00e9sel y 451 garrafas, habi\u00e9ndose<\/p>\n","protected":false},"author":1,"featured_media":10680,"comment_status":"closed","ping_status":"","sticky":false,"template":"","format":"standard","meta":{"fifu_image_url":"","fifu_image_alt":"","footnotes":""},"categories":[22],"tags":[],"class_list":["post-10681","post","type-post","status-publish","format-standard","has-post-thumbnail","hentry","category-bolivia"],"_links":{"self":[{"href":"https:\/\/desdelsurnoticias.com\/index.php\/wp-json\/wp\/v2\/posts\/10681","targetHints":{"allow":["GET"]}}],"collection":[{"href":"https:\/\/desdelsurnoticias.com\/index.php\/wp-json\/wp\/v2\/posts"}],"about":[{"href":"https:\/\/desdelsurnoticias.com\/index.php\/wp-json\/wp\/v2\/types\/post"}],"author":[{"embeddable":true,"href":"https:\/\/desdelsurnoticias.com\/index.php\/wp-json\/wp\/v2\/users\/1"}],"replies":[{"embeddable":true,"href":"https:\/\/desdelsurnoticias.com\/index.php\/wp-json\/wp\/v2\/comments?post=10681"}],"version-history":[{"count":1,"href":"https:\/\/desdelsurnoticias.com\/index.php\/wp-json\/wp\/v2\/posts\/10681\/revisions"}],"predecessor-version":[{"id":10682,"href":"https:\/\/desdelsurnoticias.com\/index.php\/wp-json\/wp\/v2\/posts\/10681\/revisions\/10682"}],"wp:featuredmedia":[{"embeddable":true,"href":"https:\/\/desdelsurnoticias.com\/index.php\/wp-json\/wp\/v2\/media\/10680"}],"wp:attachment":[{"href":"https:\/\/desdelsurnoticias.com\/index.php\/wp-json\/wp\/v2\/media?parent=10681"}],"wp:term":[{"taxonomy":"category","embeddable":true,"href":"https:\/\/desdelsurnoticias.com\/index.php\/wp-json\/wp\/v2\/categories?post=10681"},{"taxonomy":"post_tag","embeddable":true,"href":"https:\/\/desdelsurnoticias.com\/index.php\/wp-json\/wp\/v2\/tags?post=10681"}],"curies":[{"name":"wp","href":"https:\/\/api.w.org\/{rel}","templated":true}]}}