{"id":11236,"date":"2025-07-21T19:41:10","date_gmt":"2025-07-21T23:41:10","guid":{"rendered":"https:\/\/desdelsurnoticias.com\/?p=11236"},"modified":"2025-07-21T19:41:23","modified_gmt":"2025-07-21T23:41:23","slug":"maestros-proponen-eliminar-actividades-del-bicentenario-para-evitar-extension-de-clases","status":"publish","type":"post","link":"https:\/\/desdelsurnoticias.com\/index.php\/2025\/07\/21\/maestros-proponen-eliminar-actividades-del-bicentenario-para-evitar-extension-de-clases\/","title":{"rendered":"Maestros proponen eliminar actividades del Bicentenario para evitar extensi\u00f3n de clases"},"content":{"rendered":"\n<p>La dirigencia del Magisterio Urbano de La Paz convoc\u00f3 a un ampliado de emergencia para debatir los cambios en el calendario escolar anunciados por el Ministerio de Educaci\u00f3n. Esta cartera advirti\u00f3 que el periodo de clases podr\u00eda extenderse hasta mediados o fines de diciembre, debido a la ampliaci\u00f3n de las vacaciones de invierno por el brote de sarampi\u00f3n.<\/p>\n\n\n\n<figure class=\"wp-block-image size-large\"><img loading=\"lazy\" decoding=\"async\" width=\"1024\" height=\"537\" src=\"https:\/\/desdelsurnoticias.com\/wp-content\/uploads\/2025\/07\/fb_img_17531412222886360545273246684942-1024x537.jpg\" alt=\"\" class=\"wp-image-11235\" srcset=\"https:\/\/desdelsurnoticias.com\/wp-content\/uploads\/2025\/07\/fb_img_17531412222886360545273246684942-1024x537.jpg 1024w, https:\/\/desdelsurnoticias.com\/wp-content\/uploads\/2025\/07\/fb_img_17531412222886360545273246684942-300x157.jpg 300w, https:\/\/desdelsurnoticias.com\/wp-content\/uploads\/2025\/07\/fb_img_17531412222886360545273246684942-768x403.jpg 768w, https:\/\/desdelsurnoticias.com\/wp-content\/uploads\/2025\/07\/fb_img_17531412222886360545273246684942.jpg 1041w\" sizes=\"auto, (max-width: 1024px) 100vw, 1024px\" \/><\/figure>\n\n\n\n<p>Jos\u00e9 Luis \u00c1lvarez, dirigente del sector, cuestion\u00f3 la \u201cimprovisaci\u00f3n e incapacidad\u201d del Gobierno para planificar un calendario que considere fen\u00f3menos como epidemias o cambios clim\u00e1ticos. Rechaz\u00f3 la idea de prolongar el a\u00f1o escolar y propuso, en cambio, una reestructuraci\u00f3n de contenidos acad\u00e9micos que priorice lo esencial.<\/p>\n\n\n\n<p>El Magisterio tambi\u00e9n pidi\u00f3 suprimir actividades que, seg\u00fan sus dirigentes, no aportan a la formaci\u00f3n de los estudiantes, como ferias o eventos del Bicentenario, los cuales consideran que est\u00e1n siendo utilizados por el Gobierno como plataformas pol\u00edticas.<\/p>\n\n\n\n<p>Por la ampliaci\u00f3n del receso, las clases en ocho departamentos se reanudar\u00e1n el lunes 28 de julio, mientras que en Santa Cruz, donde el descanso fue extendido en dos ocasiones, las vacaciones alcanzar\u00e1n un mes completo.<\/p>\n\n\n\n<p><\/p>\n","protected":false},"excerpt":{"rendered":"<p>La dirigencia del Magisterio Urbano de La Paz convoc\u00f3 a un ampliado de emergencia para debatir los cambios<\/p>\n","protected":false},"author":1,"featured_media":11235,"comment_status":"closed","ping_status":"","sticky":false,"template":"","format":"standard","meta":{"fifu_image_url":"","fifu_image_alt":"","footnotes":""},"categories":[22],"tags":[],"class_list":["post-11236","post","type-post","status-publish","format-standard","has-post-thumbnail","hentry","category-bolivia"],"_links":{"self":[{"href":"https:\/\/desdelsurnoticias.com\/index.php\/wp-json\/wp\/v2\/posts\/11236","targetHints":{"allow":["GET"]}}],"collection":[{"href":"https:\/\/desdelsurnoticias.com\/index.php\/wp-json\/wp\/v2\/posts"}],"about":[{"href":"https:\/\/desdelsurnoticias.com\/index.php\/wp-json\/wp\/v2\/types\/post"}],"author":[{"embeddable":true,"href":"https:\/\/desdelsurnoticias.com\/index.php\/wp-json\/wp\/v2\/users\/1"}],"replies":[{"embeddable":true,"href":"https:\/\/desdelsurnoticias.com\/index.php\/wp-json\/wp\/v2\/comments?post=11236"}],"version-history":[{"count":1,"href":"https:\/\/desdelsurnoticias.com\/index.php\/wp-json\/wp\/v2\/posts\/11236\/revisions"}],"predecessor-version":[{"id":11237,"href":"https:\/\/desdelsurnoticias.com\/index.php\/wp-json\/wp\/v2\/posts\/11236\/revisions\/11237"}],"wp:featuredmedia":[{"embeddable":true,"href":"https:\/\/desdelsurnoticias.com\/index.php\/wp-json\/wp\/v2\/media\/11235"}],"wp:attachment":[{"href":"https:\/\/desdelsurnoticias.com\/index.php\/wp-json\/wp\/v2\/media?parent=11236"}],"wp:term":[{"taxonomy":"category","embeddable":true,"href":"https:\/\/desdelsurnoticias.com\/index.php\/wp-json\/wp\/v2\/categories?post=11236"},{"taxonomy":"post_tag","embeddable":true,"href":"https:\/\/desdelsurnoticias.com\/index.php\/wp-json\/wp\/v2\/tags?post=11236"}],"curies":[{"name":"wp","href":"https:\/\/api.w.org\/{rel}","templated":true}]}}