{"id":11707,"date":"2025-12-12T20:42:58","date_gmt":"2025-12-13T00:42:58","guid":{"rendered":"https:\/\/desdelsurnoticias.com\/?p=11707"},"modified":"2025-12-12T20:43:07","modified_gmt":"2025-12-13T00:43:07","slug":"camacho-celebra-encarcelamiento-de-luis-arce-la-justicia-boliviana-ha-empezado-a-recuperar-su-independencia","status":"publish","type":"post","link":"https:\/\/desdelsurnoticias.com\/index.php\/2025\/12\/12\/camacho-celebra-encarcelamiento-de-luis-arce-la-justicia-boliviana-ha-empezado-a-recuperar-su-independencia\/","title":{"rendered":"Camacho celebra encarcelamiento de Luis Arce: \u00abla justicia boliviana ha empezado a recuperar su independencia\u00bb"},"content":{"rendered":"\n<p>El gobernador cruce\u00f1o, Luis Fernando Camacho, afirm\u00f3 que la justicia boliviana ha comenzado a recuperar su independencia tras d\u00e9cadas de sometimiento pol\u00edtico, tras la decisi\u00f3n del juez Elmer Laura de enviar a la c\u00e1rcel de San Pedro a Luis Arce por el desfalco de cientos de millones de bolivianos del Fondo Ind\u00edgena.<\/p>\n\n\n\n<figure class=\"wp-block-image size-large\"><img loading=\"lazy\" decoding=\"async\" width=\"256\" height=\"300\" src=\"https:\/\/desdelsurnoticias.com\/wp-content\/uploads\/2025\/12\/fb_img_17655865398894099392412025648310-256x300.jpg\" alt=\"\" class=\"wp-image-11706\" srcset=\"https:\/\/desdelsurnoticias.com\/wp-content\/uploads\/2025\/12\/fb_img_17655865398894099392412025648310-256x300.jpg 256w, https:\/\/desdelsurnoticias.com\/wp-content\/uploads\/2025\/12\/fb_img_17655865398894099392412025648310.jpg 477w\" sizes=\"auto, (max-width: 256px) 100vw, 256px\" \/><\/figure>\n\n\n\n<p>\u00abDespu\u00e9s de dos d\u00e9cadas de sometimiento pol\u00edtico, la justicia boliviana ha empezado a recuperar su independencia y est\u00e1 dando se\u00f1ales claras de que se termina la impunidad.<br \/>El desfalco de cientos de millones de bolivianos en el Fondo Ind\u00edgena estaba quedando en el olvido, pero el Ministerio P\u00fablico retom\u00f3 el proceso y hoy el juez Elmer Laura dio se\u00f1ales de que la monumental corrupci\u00f3n que encabez\u00f3 Luis Arce no puede quedar en la impunidad y lo envi\u00f3 a la c\u00e1rcel de San Pedro.<br \/>Los ciudadanos debemos respaldar este proceso de restituci\u00f3n de la independencia y la institucionalidad de la justicia. De paso hay que recordar que la democracia siempre vence a la impunidad y al autoritarismo\u00bb, escribi\u00f3.<\/p>\n","protected":false},"excerpt":{"rendered":"<p>El gobernador cruce\u00f1o, Luis Fernando Camacho, afirm\u00f3 que la justicia boliviana ha comenzado a recuperar su independencia tras<\/p>\n","protected":false},"author":1,"featured_media":11706,"comment_status":"closed","ping_status":"","sticky":false,"template":"","format":"standard","meta":{"fifu_image_url":"","fifu_image_alt":"","footnotes":""},"categories":[22],"tags":[],"class_list":["post-11707","post","type-post","status-publish","format-standard","has-post-thumbnail","hentry","category-bolivia"],"_links":{"self":[{"href":"https:\/\/desdelsurnoticias.com\/index.php\/wp-json\/wp\/v2\/posts\/11707","targetHints":{"allow":["GET"]}}],"collection":[{"href":"https:\/\/desdelsurnoticias.com\/index.php\/wp-json\/wp\/v2\/posts"}],"about":[{"href":"https:\/\/desdelsurnoticias.com\/index.php\/wp-json\/wp\/v2\/types\/post"}],"author":[{"embeddable":true,"href":"https:\/\/desdelsurnoticias.com\/index.php\/wp-json\/wp\/v2\/users\/1"}],"replies":[{"embeddable":true,"href":"https:\/\/desdelsurnoticias.com\/index.php\/wp-json\/wp\/v2\/comments?post=11707"}],"version-history":[{"count":1,"href":"https:\/\/desdelsurnoticias.com\/index.php\/wp-json\/wp\/v2\/posts\/11707\/revisions"}],"predecessor-version":[{"id":11708,"href":"https:\/\/desdelsurnoticias.com\/index.php\/wp-json\/wp\/v2\/posts\/11707\/revisions\/11708"}],"wp:featuredmedia":[{"embeddable":true,"href":"https:\/\/desdelsurnoticias.com\/index.php\/wp-json\/wp\/v2\/media\/11706"}],"wp:attachment":[{"href":"https:\/\/desdelsurnoticias.com\/index.php\/wp-json\/wp\/v2\/media?parent=11707"}],"wp:term":[{"taxonomy":"category","embeddable":true,"href":"https:\/\/desdelsurnoticias.com\/index.php\/wp-json\/wp\/v2\/categories?post=11707"},{"taxonomy":"post_tag","embeddable":true,"href":"https:\/\/desdelsurnoticias.com\/index.php\/wp-json\/wp\/v2\/tags?post=11707"}],"curies":[{"name":"wp","href":"https:\/\/api.w.org\/{rel}","templated":true}]}}