{"id":11896,"date":"2026-03-03T10:39:18","date_gmt":"2026-03-03T14:39:18","guid":{"rendered":"https:\/\/desdelsurnoticias.com\/?p=11896"},"modified":"2026-04-02T10:42:09","modified_gmt":"2026-04-02T14:42:09","slug":"lara-denuncia-que-decreto-5552-elimino-cargo-de-vidovic-dice-que-fue-venganza-de-paz","status":"publish","type":"post","link":"https:\/\/desdelsurnoticias.com\/index.php\/2026\/03\/03\/lara-denuncia-que-decreto-5552-elimino-cargo-de-vidovic-dice-que-fue-venganza-de-paz\/","title":{"rendered":"Lara denuncia que Decreto 5552 elimin\u00f3 cargo de Vidovic; dice que fue &#8216;venganza&#8217; de Paz"},"content":{"rendered":"\n<p>Seg\u00fan Lara, la disposici\u00f3n transfiere las funciones administrativas y de contrataci\u00f3n al Ministerio de la Presidencia, lo que, dijo,\u00a0afecta la institucionalidad y permite injerencia del Ejecutivo en el Legislativo.\u00a0<\/p>\n\n\n\n<figure class=\"wp-block-image size-full\"><img loading=\"lazy\" decoding=\"async\" width=\"992\" height=\"558\" src=\"https:\/\/desdelsurnoticias.com\/wp-content\/uploads\/2026\/04\/2026022522390379220.webp\" alt=\"\" class=\"wp-image-11897\" srcset=\"https:\/\/desdelsurnoticias.com\/wp-content\/uploads\/2026\/04\/2026022522390379220.webp 992w, https:\/\/desdelsurnoticias.com\/wp-content\/uploads\/2026\/04\/2026022522390379220-300x169.webp 300w, https:\/\/desdelsurnoticias.com\/wp-content\/uploads\/2026\/04\/2026022522390379220-768x432.webp 768w\" sizes=\"auto, (max-width: 992px) 100vw, 992px\" \/><\/figure>\n\n\n\n<p>El vicepresidente Edmand Lara en una de sus intervenciones ante la prensa.<\/p>\n\n\n\n<p>El vicepresidente Edmand Lara denunci\u00f3 este martes que el Decreto 5552, que reestructura la Vicepresidencia, elimin\u00f3 el cargo de secretario general, funci\u00f3n que ejerc\u00eda Freddy Vidovic. Afirm\u00f3 que la norma responde a una \u201cvenganza\u201d del presidente Rodrigo Paz en su contra.<\/p>\n\n\n\n<p>\u201cEse decreto es completamente inconstitucional y lo \u00fanico que busca es una represalia, una venganza de parte del presidente Rodrigo Paz y de sus ministros hacia mi persona por haber denunciado la corrupci\u00f3n de Yacimientos\u201d, afirm\u00f3 la autoridad en un video publicado en sus redes.<\/p>\n\n\n\n<p>Seg\u00fan Lara, la disposici\u00f3n transfiere las funciones administrativas y de contrataci\u00f3n al Ministerio de la Presidencia, lo que, dijo,&nbsp;afecta la institucionalidad y permite injerencia del Ejecutivo en el Legislativo.&nbsp;<\/p>\n\n\n\n<p>Freddy Vidovic anunci\u00f3 este martes que decidi\u00f3 alejarse de la gesti\u00f3n para \u201cpriorizar la armon\u00eda institucional\u201d y evitar tensiones por diferencias de criterio. Se\u00f1al\u00f3 que, cuando existen visiones distintas, corresponde actuar con madurez y privilegiar la estabilidad.<\/p>\n\n\n\n<p>Vidovic, quien fue abogado personal de Lara y ocup\u00f3 brevemente el Ministerio de Justicia antes de llegar a la Vicepresidencia, agradeci\u00f3 la confianza depositada y afirm\u00f3 que actu\u00f3 conforme a la ley<\/p>\n\n\n\n<p>Hasta el momento no se inform\u00f3 qui\u00e9n asumir\u00e1 la Secretar\u00eda General, en medio de la segunda salida notoria en esa instancia.&nbsp;<\/p>\n","protected":false},"excerpt":{"rendered":"<p>Seg\u00fan Lara, la disposici\u00f3n transfiere las funciones administrativas y de contrataci\u00f3n al Ministerio de la Presidencia, lo que,<\/p>\n","protected":false},"author":1,"featured_media":11897,"comment_status":"closed","ping_status":"closed","sticky":false,"template":"","format":"standard","meta":{"fifu_image_url":"","fifu_image_alt":"","footnotes":""},"categories":[1],"tags":[],"class_list":["post-11896","post","type-post","status-publish","format-standard","has-post-thumbnail","hentry","category-sin-categoria"],"_links":{"self":[{"href":"https:\/\/desdelsurnoticias.com\/index.php\/wp-json\/wp\/v2\/posts\/11896","targetHints":{"allow":["GET"]}}],"collection":[{"href":"https:\/\/desdelsurnoticias.com\/index.php\/wp-json\/wp\/v2\/posts"}],"about":[{"href":"https:\/\/desdelsurnoticias.com\/index.php\/wp-json\/wp\/v2\/types\/post"}],"author":[{"embeddable":true,"href":"https:\/\/desdelsurnoticias.com\/index.php\/wp-json\/wp\/v2\/users\/1"}],"replies":[{"embeddable":true,"href":"https:\/\/desdelsurnoticias.com\/index.php\/wp-json\/wp\/v2\/comments?post=11896"}],"version-history":[{"count":1,"href":"https:\/\/desdelsurnoticias.com\/index.php\/wp-json\/wp\/v2\/posts\/11896\/revisions"}],"predecessor-version":[{"id":11898,"href":"https:\/\/desdelsurnoticias.com\/index.php\/wp-json\/wp\/v2\/posts\/11896\/revisions\/11898"}],"wp:featuredmedia":[{"embeddable":true,"href":"https:\/\/desdelsurnoticias.com\/index.php\/wp-json\/wp\/v2\/media\/11897"}],"wp:attachment":[{"href":"https:\/\/desdelsurnoticias.com\/index.php\/wp-json\/wp\/v2\/media?parent=11896"}],"wp:term":[{"taxonomy":"category","embeddable":true,"href":"https:\/\/desdelsurnoticias.com\/index.php\/wp-json\/wp\/v2\/categories?post=11896"},{"taxonomy":"post_tag","embeddable":true,"href":"https:\/\/desdelsurnoticias.com\/index.php\/wp-json\/wp\/v2\/tags?post=11896"}],"curies":[{"name":"wp","href":"https:\/\/api.w.org\/{rel}","templated":true}]}}