{"id":12027,"date":"2026-04-06T17:57:13","date_gmt":"2026-04-06T21:57:13","guid":{"rendered":"https:\/\/desdelsurnoticias.com\/?p=12027"},"modified":"2026-04-20T17:58:47","modified_gmt":"2026-04-20T21:58:47","slug":"alcalde-bru-inicia-programa-de-alimentacion-nutricional-para-adultos-mayores-2026","status":"publish","type":"post","link":"https:\/\/desdelsurnoticias.com\/index.php\/2026\/04\/06\/alcalde-bru-inicia-programa-de-alimentacion-nutricional-para-adultos-mayores-2026\/","title":{"rendered":"ALCALDE BR\u00da INICIA PROGRAMA DE ALIMENTACI\u00d3N NUTRICIONAL PARA ADULTOS MAYORES 2026"},"content":{"rendered":"\n<p>El alcalde Carlos Br\u00fa Cavero dio inicio al programa de servicio de alimentaci\u00f3n nutricional para adultos mayores 2026, beneficiando a un total de 345 personas en el municipio.<\/p>\n\n\n\n<figure class=\"wp-block-image size-large\"><img loading=\"lazy\" decoding=\"async\" width=\"1024\" height=\"557\" src=\"https:\/\/desdelsurnoticias.com\/wp-content\/uploads\/2026\/04\/image-15-1024x557.png\" alt=\"\" class=\"wp-image-12028\" srcset=\"https:\/\/desdelsurnoticias.com\/wp-content\/uploads\/2026\/04\/image-15-1024x557.png 1024w, https:\/\/desdelsurnoticias.com\/wp-content\/uploads\/2026\/04\/image-15-300x163.png 300w, https:\/\/desdelsurnoticias.com\/wp-content\/uploads\/2026\/04\/image-15-768x418.png 768w, https:\/\/desdelsurnoticias.com\/wp-content\/uploads\/2026\/04\/image-15.png 1417w\" sizes=\"auto, (max-width: 1024px) 100vw, 1024px\" \/><\/figure>\n\n\n\n<p>El acto de apertura se realiz\u00f3 en el Centro de Recursos Pedag\u00f3gicos CERPE, donde tambi\u00e9n se llev\u00f3 a cabo una degustaci\u00f3n del men\u00fa preparado especialmente para este sector. El servicio funcionar\u00e1 en 17 comedores distribuidos en el \u00e1rea urbana y rural.<\/p>\n\n\n\n<p>Este programa tiene como objetivo brindar atenci\u00f3n integral a los adultos mayores, ofreciendo alimentaci\u00f3n adecuada, contenci\u00f3n y cuidado, especialmente a quienes se encuentran en situaci\u00f3n de vulnerabilidad.<\/p>\n\n\n\n<p>Desde la Alcald\u00eda destacaron que esta iniciativa se constituye en un pilar fundamental para mejorar la calidad de vida de los adultos mayores, garantizando una nutrici\u00f3n acorde a sus necesidades.<\/p>\n","protected":false},"excerpt":{"rendered":"<p>El alcalde Carlos Br\u00fa Cavero dio inicio al programa de servicio de alimentaci\u00f3n nutricional para adultos mayores 2026,<\/p>\n","protected":false},"author":1,"featured_media":12028,"comment_status":"closed","ping_status":"closed","sticky":false,"template":"","format":"standard","meta":{"fifu_image_url":"","fifu_image_alt":"","footnotes":""},"categories":[61],"tags":[],"class_list":["post-12027","post","type-post","status-publish","format-standard","has-post-thumbnail","hentry","category-yacuiba-2"],"_links":{"self":[{"href":"https:\/\/desdelsurnoticias.com\/index.php\/wp-json\/wp\/v2\/posts\/12027","targetHints":{"allow":["GET"]}}],"collection":[{"href":"https:\/\/desdelsurnoticias.com\/index.php\/wp-json\/wp\/v2\/posts"}],"about":[{"href":"https:\/\/desdelsurnoticias.com\/index.php\/wp-json\/wp\/v2\/types\/post"}],"author":[{"embeddable":true,"href":"https:\/\/desdelsurnoticias.com\/index.php\/wp-json\/wp\/v2\/users\/1"}],"replies":[{"embeddable":true,"href":"https:\/\/desdelsurnoticias.com\/index.php\/wp-json\/wp\/v2\/comments?post=12027"}],"version-history":[{"count":1,"href":"https:\/\/desdelsurnoticias.com\/index.php\/wp-json\/wp\/v2\/posts\/12027\/revisions"}],"predecessor-version":[{"id":12029,"href":"https:\/\/desdelsurnoticias.com\/index.php\/wp-json\/wp\/v2\/posts\/12027\/revisions\/12029"}],"wp:featuredmedia":[{"embeddable":true,"href":"https:\/\/desdelsurnoticias.com\/index.php\/wp-json\/wp\/v2\/media\/12028"}],"wp:attachment":[{"href":"https:\/\/desdelsurnoticias.com\/index.php\/wp-json\/wp\/v2\/media?parent=12027"}],"wp:term":[{"taxonomy":"category","embeddable":true,"href":"https:\/\/desdelsurnoticias.com\/index.php\/wp-json\/wp\/v2\/categories?post=12027"},{"taxonomy":"post_tag","embeddable":true,"href":"https:\/\/desdelsurnoticias.com\/index.php\/wp-json\/wp\/v2\/tags?post=12027"}],"curies":[{"name":"wp","href":"https:\/\/api.w.org\/{rel}","templated":true}]}}