{"id":12030,"date":"2026-04-20T20:40:00","date_gmt":"2026-04-21T00:40:00","guid":{"rendered":"https:\/\/desdelsurnoticias.com\/index.php\/2026\/04\/20\/caso-mutualista-mariaca-descarta-que-la-fiscalia-defina-el-derecho-propietario\/"},"modified":"2026-04-20T20:40:00","modified_gmt":"2026-04-21T00:40:00","slug":"caso-mutualista-mariaca-descarta-que-la-fiscalia-defina-el-derecho-propietario","status":"publish","type":"post","link":"https:\/\/desdelsurnoticias.com\/index.php\/2026\/04\/20\/caso-mutualista-mariaca-descarta-que-la-fiscalia-defina-el-derecho-propietario\/","title":{"rendered":"Caso Mutualista: Mariaca descarta que la Fiscal\u00eda defina el derecho propietario"},"content":{"rendered":"<p>El vocero del Ejecutivo municipal, Bernardo Montenegro, se pronunci\u00f3 sobre el conflicto por la propiedad del terreno del mercado Mutualista y asegur\u00f3 que la Alcald\u00eda de Santa Cruz de la Sierra agot\u00f3 todas las instancias legales en defensa de estos predios.<\/p>\n<figure class=\"wp-block-image\"><img decoding=\"async\" src=\"https:\/\/hub.idealabgroup.com\/public\/uploads\/img_d86f59cc3c7ea876b26750aae6673a4979415e2c.webp\" alt=\"\"\/><\/figure>\n<p>El fiscal General del Estado, R\u00f3ger Mariaca, inform\u00f3 que el Ministerio P\u00fablico no est\u00e1 para definir el derecho propietario en el marco de la investigaci\u00f3n del caso Mutualista. Es m\u00e1s, revel\u00f3 que se est\u00e1 analizando los nuevos indicios de la investigaci\u00f3n para reabrir el proceso.&nbsp;<\/p>\n<p>\u00ab(&#8230;) ten\u00edamos conocimiento de que habr\u00eda en su momento existido alguna sentencia constitucional emitida por el Tribunal Constitucional, que en su momento, en base al incumplimiento que denunciaron,&nbsp;se imput\u00f3 al se\u00f1or Johnny Fern\u00e1ndez, el cual a la fecha est\u00e1 con medidas sustitutivas. Paralelamente, es importante mencionar de que se ha tenido conocimiento de nuevos antecedentes en el cual el Ministerio P\u00fablico, en base a informes policiales e informes que ha emitido lo que vienen a ser los denunciantes,&nbsp;est\u00e1n en este momento seguramente ya analizando el reaperturar dicha investigaci\u00f3n\u00bb, revel\u00f3 Mariaca, la tarde de este lunes, desde la capital cruce\u00f1a.<\/p>\n<p>La autoridad nacional sostuvo que \u00abel Ministerio P\u00fablico no vamos a acreditar en ning\u00fan momento ning\u00fan derecho propietario. Es decir, no es facultad del Ministerio P\u00fablico el determinar qui\u00e9n es o no propietario de un bien inmueble. Para eso est\u00e1n las autoridades competentes\u00bb, apunt\u00f3.<\/p>\n<p>Aclar\u00f3 que \u00abinvestigamos hechos; es&nbsp;por eso de que se ha pedido a la fiscal que lleva adelante la investigaci\u00f3n, para que pueda considerar la reapertura en base a nuevos indicios o elementos que cursen en el cuaderno de investigaci\u00f3n. Y que est\u00e9n dentro de las horas establecidas o en su defecto dentro del plazo establecido.&nbsp;Porque se habla para poder reaperturar un proceso penal que tiene que estar dentro del t\u00e9rmino de un a\u00f1o\u00bb.<\/p>\n<h3 class=\"wp-block-heading\">Desde la Alcald\u00eda responden&nbsp;<\/h3>\n<p>El vocero del Ejecutivo municipal, Bernardo Montenegro, asegur\u00f3 que la Alcald\u00eda de Santa Cruz de la Sierra agot\u00f3 todas las instancias legales en defensa de estos predios. Afirm\u00f3 que, actualmente, est\u00e1 obligado a cumplir una sentencia constitucional vigente que indica que los papeles del predio deben ser entregados a Nelson Crapuzzi.&nbsp;<\/p>\n<p>\u00abEl municipio ha agotado todas las instancias legales, presentando denuncias y haciendo la defensa legal de los predios del mercado Mutualista en los \u00faltimos dos a\u00f1os y medio (&#8230;) El alcalde (Jhonny Fern\u00e1ndez) debe cumplir esta sentencia constitucional porque ya se ha excedido por dem\u00e1s los plazos; y segundo, porque est\u00e1 con medidas sustitutivas\u00bb, afirm\u00f3.&nbsp;<\/p>","protected":false},"excerpt":{"rendered":"<p>El vocero del Ejecutivo municipal, Bernardo Montenegro, se pronunci\u00f3 sobre el conflicto por la propiedad del terreno del<\/p>\n","protected":false},"author":1,"featured_media":0,"comment_status":"","ping_status":"","sticky":false,"template":"","format":"standard","meta":{"fifu_image_url":"https:\/\/hub.idealabgroup.com\/public\/uploads\/img_d86f59cc3c7ea876b26750aae6673a4979415e2c.webp","fifu_image_alt":"","footnotes":""},"categories":[43],"tags":[],"class_list":["post-12030","post","type-post","status-publish","format-standard","hentry","category-santa-cruz"],"_links":{"self":[{"href":"https:\/\/desdelsurnoticias.com\/index.php\/wp-json\/wp\/v2\/posts\/12030","targetHints":{"allow":["GET"]}}],"collection":[{"href":"https:\/\/desdelsurnoticias.com\/index.php\/wp-json\/wp\/v2\/posts"}],"about":[{"href":"https:\/\/desdelsurnoticias.com\/index.php\/wp-json\/wp\/v2\/types\/post"}],"author":[{"embeddable":true,"href":"https:\/\/desdelsurnoticias.com\/index.php\/wp-json\/wp\/v2\/users\/1"}],"replies":[{"embeddable":true,"href":"https:\/\/desdelsurnoticias.com\/index.php\/wp-json\/wp\/v2\/comments?post=12030"}],"version-history":[{"count":0,"href":"https:\/\/desdelsurnoticias.com\/index.php\/wp-json\/wp\/v2\/posts\/12030\/revisions"}],"wp:attachment":[{"href":"https:\/\/desdelsurnoticias.com\/index.php\/wp-json\/wp\/v2\/media?parent=12030"}],"wp:term":[{"taxonomy":"category","embeddable":true,"href":"https:\/\/desdelsurnoticias.com\/index.php\/wp-json\/wp\/v2\/categories?post=12030"},{"taxonomy":"post_tag","embeddable":true,"href":"https:\/\/desdelsurnoticias.com\/index.php\/wp-json\/wp\/v2\/tags?post=12030"}],"curies":[{"name":"wp","href":"https:\/\/api.w.org\/{rel}","templated":true}]}}