{"id":12031,"date":"2026-04-20T22:40:00","date_gmt":"2026-04-21T02:40:00","guid":{"rendered":"https:\/\/desdelsurnoticias.com\/index.php\/2026\/04\/20\/comandante-recuerda-los-procesos-de-lara-y-niega-encubrimiento-en-caso-de-las-maletas\/"},"modified":"2026-04-20T22:50:58","modified_gmt":"2026-04-21T02:50:58","slug":"comandante-recuerda-los-procesos-de-lara-y-niega-encubrimiento-en-caso-de-las-maletas","status":"publish","type":"post","link":"https:\/\/desdelsurnoticias.com\/index.php\/2026\/04\/20\/comandante-recuerda-los-procesos-de-lara-y-niega-encubrimiento-en-caso-de-las-maletas\/","title":{"rendered":"Aprehenden a exedec\u00e1n del ministro de Gobierno por caso maletas"},"content":{"rendered":"\n<p>No inform\u00f3 a sus superiores sobre una alerta de la llegada de las maletas<\/p>\n\n\n\n<figure class=\"wp-block-image size-full\"><img loading=\"lazy\" decoding=\"async\" width=\"903\" height=\"545\" src=\"https:\/\/desdelsurnoticias.com\/wp-content\/uploads\/2026\/04\/screenshot-2026-04-20-112418_101-15130395_20260420152520.webp\" alt=\"\" class=\"wp-image-12033\" srcset=\"https:\/\/desdelsurnoticias.com\/wp-content\/uploads\/2026\/04\/screenshot-2026-04-20-112418_101-15130395_20260420152520.webp 903w, https:\/\/desdelsurnoticias.com\/wp-content\/uploads\/2026\/04\/screenshot-2026-04-20-112418_101-15130395_20260420152520-300x181.webp 300w, https:\/\/desdelsurnoticias.com\/wp-content\/uploads\/2026\/04\/screenshot-2026-04-20-112418_101-15130395_20260420152520-768x464.webp 768w\" sizes=\"auto, (max-width: 903px) 100vw, 903px\" \/><\/figure>\n\n\n\n<p>El exedec\u00e1n del ministro de Gobierno Marco Antonio Oviedo, el capit\u00e1n Christian R.S., fue aprehendido tras presentarse a declarar en la Fiscal\u00eda departamental de Santa Cruz por el caso denominado Maletas.<\/p>\n\n\n\n<p>\u201cVengo a hacer mi presentaci\u00f3n espont\u00e1nea en la Fiscal\u00eda por el caso que se investiga\u201d, se\u00f1al\u00f3 Rodr\u00edguez a su llegada al Ministerio P\u00fablico.<\/p>\n\n\n\n<p>Adem\u00e1s, neg\u00f3 cualquier irregularidad y se mostr\u00f3 como uno de los m\u00e1s interesados para que este caso se esclarezca; sin embargo, durante su declaraci\u00f3n la figura cambi\u00f3 y se espera una informaci\u00f3n oficial de las autoridades para conocer sobre su situaci\u00f3n legal.<\/p>\n\n\n\n<p>Hace unos d\u00edas, el vicepresidente Edmand Lara se\u00f1al\u00f3 que la Polic\u00eda Federal de Brasil alert\u00f3 a un uniformado de la Fuerza Especial de Lucha Contra el Narcotr\u00e1fico (FELCN) sobre la llegada de las 32 maletas al aeropuerto de Viru Viru en Santa Cruz.<\/p>\n\n\n\n<p>Este uniformado fue identificado como el teniente Marvin M. R., exintegrante del Grupo Especial de Casos Especiales (GICE) de Santa Cruz, quien no sigui\u00f3 el curso regular en este tipo de casos y en lugar de comunicar la alerta a sus superiores lo hizo directamente al capit\u00e1n Cristhian R. S.<\/p>\n\n\n\n<p>El capit\u00e1n entonces formaba parte del equipo de seguridad del Ministerio de Gobierno y no inform\u00f3 del hecho a las autoridades policiales, ni al Ministerio P\u00fablico, lo que habr\u00eda impedido una intervenci\u00f3n oportuna.<\/p>\n\n\n\n<p>Ante esto, el comandante general de la Polic\u00eda, Mirko Sokol, inform\u00f3 que los dos polic\u00edas estaban siendo investigados.<\/p>\n\n\n\n<p>El 10 de febrero, el teniente present\u00f3 un informe al director de la FELCN, William Contreras. En ese documento, admiti\u00f3 que recibi\u00f3 el primer reporte sobre las maletas, pero decidi\u00f3 no informar a sus superiores.<\/p>\n\n\n\n<p>De acuerdo con su declaraci\u00f3n, Marvin M. R. opt\u00f3 por comunicar el hecho directamente al capit\u00e1n Cristhian R. S. Esta acci\u00f3n se realiz\u00f3 sin seguir el conducto regular establecido.<\/p>\n\n\n\n<p>La orden de aprehensi\u00f3n se\u00f1ala que el capit\u00e1n habr\u00eda incurrido en presuntos delitos de incumplimiento de deberes, cohecho activo, uso indebido de influencias y encubrimiento.<\/p>\n\n\n\n<p>Seg\u00fan el documento, los indicios recolectados en la etapa preliminar establecen que el sindicado habr\u00eda adecuado su conducta a estos tipos penales. El proceso avanza en paralelo en la v\u00eda disciplinaria y penal.<\/p>\n","protected":false},"excerpt":{"rendered":"<p>No inform\u00f3 a sus superiores sobre una alerta de la llegada de las maletas El exedec\u00e1n del ministro<\/p>\n","protected":false},"author":1,"featured_media":12035,"comment_status":"closed","ping_status":"closed","sticky":false,"template":"","format":"standard","meta":{"fifu_image_url":"https:\/\/hub.idealabgroup.com\/public\/uploads\/img_180e3ae2e1f33ca753bd61d067f8e06077b0fec7.webp","fifu_image_alt":"","footnotes":""},"categories":[43],"tags":[],"class_list":["post-12031","post","type-post","status-publish","format-standard","has-post-thumbnail","hentry","category-santa-cruz"],"_links":{"self":[{"href":"https:\/\/desdelsurnoticias.com\/index.php\/wp-json\/wp\/v2\/posts\/12031","targetHints":{"allow":["GET"]}}],"collection":[{"href":"https:\/\/desdelsurnoticias.com\/index.php\/wp-json\/wp\/v2\/posts"}],"about":[{"href":"https:\/\/desdelsurnoticias.com\/index.php\/wp-json\/wp\/v2\/types\/post"}],"author":[{"embeddable":true,"href":"https:\/\/desdelsurnoticias.com\/index.php\/wp-json\/wp\/v2\/users\/1"}],"replies":[{"embeddable":true,"href":"https:\/\/desdelsurnoticias.com\/index.php\/wp-json\/wp\/v2\/comments?post=12031"}],"version-history":[{"count":1,"href":"https:\/\/desdelsurnoticias.com\/index.php\/wp-json\/wp\/v2\/posts\/12031\/revisions"}],"predecessor-version":[{"id":12034,"href":"https:\/\/desdelsurnoticias.com\/index.php\/wp-json\/wp\/v2\/posts\/12031\/revisions\/12034"}],"wp:featuredmedia":[{"embeddable":true,"href":"https:\/\/desdelsurnoticias.com\/index.php\/wp-json\/wp\/v2\/media\/12035"}],"wp:attachment":[{"href":"https:\/\/desdelsurnoticias.com\/index.php\/wp-json\/wp\/v2\/media?parent=12031"}],"wp:term":[{"taxonomy":"category","embeddable":true,"href":"https:\/\/desdelsurnoticias.com\/index.php\/wp-json\/wp\/v2\/categories?post=12031"},{"taxonomy":"post_tag","embeddable":true,"href":"https:\/\/desdelsurnoticias.com\/index.php\/wp-json\/wp\/v2\/tags?post=12031"}],"curies":[{"name":"wp","href":"https:\/\/api.w.org\/{rel}","templated":true}]}}