{"id":12049,"date":"2026-04-26T12:32:00","date_gmt":"2026-04-26T16:32:00","guid":{"rendered":"https:\/\/desdelsurnoticias.com\/index.php\/2026\/04\/26\/paz-se-reunira-con-alcaldes-y-gobernadores-electos-en-sucre\/"},"modified":"2026-04-26T12:32:00","modified_gmt":"2026-04-26T16:32:00","slug":"paz-se-reunira-con-alcaldes-y-gobernadores-electos-en-sucre","status":"publish","type":"post","link":"https:\/\/desdelsurnoticias.com\/index.php\/2026\/04\/26\/paz-se-reunira-con-alcaldes-y-gobernadores-electos-en-sucre\/","title":{"rendered":"Paz se reunir\u00e1 con alcaldes y gobernadores electos en Sucre"},"content":{"rendered":"<p>En la primera reuni\u00f3n, el viernes, el Gobierno acord\u00f3 varios puntos con los gobernadores.<\/p>\n<figure class=\"wp-block-image\"><img decoding=\"async\" src=\"https:\/\/hub.idealabgroup.com\/public\/uploads\/img_2be48c7eddd6384c374e4d6066b88450f0bc4f14.webp\" alt=\"El saludo del presidente Rodrigo Paz con el gobernador electo, Luis Ayll\u00f3n, el viernes.\"\/><figcaption>El saludo del presidente Rodrigo Paz con el gobernador electo, Luis Ayll\u00f3n, el viernes.<\/figcaption><\/figure>\n<p>El presidente del Estado, Rodrigo Paz, volver\u00e1 a reunirse no solo con los gobernadores electos sino tambi\u00e9n con los nuevos alcaldes el pr\u00f3ximo 25 de mayo, en Sucre.<\/p>\n<p>As\u00ed lo inform\u00f3 el gobernador electo de Chuquisaca, Luis Ayll\u00f3n, tras participar de la primera reuni\u00f3n en la ciudad de La Paz entre el jefe de Estado, el gabinete de ministros y los nuevos gobernadores de departamento.<\/p>\n<p>\u201cSe ha acordado que la pr\u00f3xima reuni\u00f3n va a ser en Sucre el 25 de mayo donde se les va a convocar a las gobernaciones y alcald\u00edas\u201d, afirm\u00f3.<\/p>\n<p>Seg\u00fan Ayll\u00f3n, este segundo encuentro con gobernadores y primero con los alcaldes electos, tiene el fin de continuar con una agenda y profundizar la propuesta del 50-50.<\/p>\n<p><b>PRIMERA REUNI\u00d3N<\/b><\/p>\n<p>En la primera reuni\u00f3n del viernes, que se llev\u00f3 a cabo en Palacio Quemado, los gobernadores electos expresaron que est\u00e1n de acuerdo con nuevas normas, m\u00e1s inversi\u00f3n, profundizaci\u00f3n de las autonom\u00edas y la distribuci\u00f3n del 50-50 de los recursos en sus departamentos.<\/p>\n<p>Mientras tanto, Paz subray\u00f3 la necesidad de actuar de manera articulada entre todos los niveles del Estado, dejando de lado diferencias pol\u00edticas. En ese marco, enfatiz\u00f3 que el pa\u00eds atraviesa un momento que demanda \u201cliderazgo conjunto nacional\u201d.<\/p>\n<p>Respecto a la distribuci\u00f3n del 50-50, el jefe de Estado precis\u00f3 que esta propuesta debe contemplar una visi\u00f3n integral, incorporando aspectos vinculados al desarrollo humano, como salud, educaci\u00f3n y oportunidades para la juventud.<\/p>\n<p>El encuentro tambi\u00e9n se abordaron temas estructurales como la distribuci\u00f3n de recursos, las autonom\u00edas, la reactivaci\u00f3n econ\u00f3mica y el impulso a la producci\u00f3n. Las autoridades coincidieron en la urgencia de generar condiciones que permitan atraer inversiones y dinamizar las econom\u00edas regionales.<\/p>\n<p>Los gobernadores electos manifestaron su predisposici\u00f3n a mantener un di\u00e1logo continuo con el Ejecutivo, en una agenda que combine demandas regionales con objetivos nacionales. Por su parte, el Gobierno comprometi\u00f3 el acompa\u00f1amiento a este proceso y el fortalecimiento de la coordinaci\u00f3n con gobernaciones y municipios. \u201cEste es un momento para dialogar, construir y trabajar juntos por una mejor Bolivia\u201d, enfatiz\u00f3 el Presidente.<\/p>","protected":false},"excerpt":{"rendered":"<p>En la primera reuni\u00f3n, el viernes, el Gobierno acord\u00f3 varios puntos con los gobernadores. El presidente del Estado,<\/p>\n","protected":false},"author":1,"featured_media":0,"comment_status":"","ping_status":"","sticky":false,"template":"","format":"standard","meta":{"fifu_image_url":"https:\/\/hub.idealabgroup.com\/public\/uploads\/img_2be48c7eddd6384c374e4d6066b88450f0bc4f14.webp","fifu_image_alt":"","footnotes":""},"categories":[49],"tags":[],"class_list":["post-12049","post","type-post","status-publish","format-standard","hentry","category-sucre"],"_links":{"self":[{"href":"https:\/\/desdelsurnoticias.com\/index.php\/wp-json\/wp\/v2\/posts\/12049","targetHints":{"allow":["GET"]}}],"collection":[{"href":"https:\/\/desdelsurnoticias.com\/index.php\/wp-json\/wp\/v2\/posts"}],"about":[{"href":"https:\/\/desdelsurnoticias.com\/index.php\/wp-json\/wp\/v2\/types\/post"}],"author":[{"embeddable":true,"href":"https:\/\/desdelsurnoticias.com\/index.php\/wp-json\/wp\/v2\/users\/1"}],"replies":[{"embeddable":true,"href":"https:\/\/desdelsurnoticias.com\/index.php\/wp-json\/wp\/v2\/comments?post=12049"}],"version-history":[{"count":0,"href":"https:\/\/desdelsurnoticias.com\/index.php\/wp-json\/wp\/v2\/posts\/12049\/revisions"}],"wp:attachment":[{"href":"https:\/\/desdelsurnoticias.com\/index.php\/wp-json\/wp\/v2\/media?parent=12049"}],"wp:term":[{"taxonomy":"category","embeddable":true,"href":"https:\/\/desdelsurnoticias.com\/index.php\/wp-json\/wp\/v2\/categories?post=12049"},{"taxonomy":"post_tag","embeddable":true,"href":"https:\/\/desdelsurnoticias.com\/index.php\/wp-json\/wp\/v2\/tags?post=12049"}],"curies":[{"name":"wp","href":"https:\/\/api.w.org\/{rel}","templated":true}]}}