{"id":12051,"date":"2026-04-28T18:14:00","date_gmt":"2026-04-28T22:14:00","guid":{"rendered":"https:\/\/desdelsurnoticias.com\/index.php\/2026\/04\/28\/tras-notificacion-piden-que-evo-morales-enfrente-a-la-justicia\/"},"modified":"2026-04-28T18:14:00","modified_gmt":"2026-04-28T22:14:00","slug":"tras-notificacion-piden-que-evo-morales-enfrente-a-la-justicia","status":"publish","type":"post","link":"https:\/\/desdelsurnoticias.com\/index.php\/2026\/04\/28\/tras-notificacion-piden-que-evo-morales-enfrente-a-la-justicia\/","title":{"rendered":"Tras notificaci\u00f3n, piden que Evo Morales enfrente a la justicia"},"content":{"rendered":"<p>Mientras Evo Morales es notificado, parlamentarios reclaman que se cumpla la orden de aprehensi\u00f3n en su contra.<\/p>\n<figure class=\"wp-block-image\"><img decoding=\"async\" src=\"https:\/\/hub.idealabgroup.com\/public\/uploads\/img_1c25cb6145d8225e7ab66445895c2b530a2ed7a3.webp\" alt=\"La justicia manifest\u00f3 que no se pudo encontrar el domicilio del expresidente.\"\/><figcaption>La justicia manifest\u00f3 que no se pudo encontrar el domicilio del expresidente.<\/figcaption><\/figure>\n<p>&nbsp;<\/p>\n<p>Despu\u00e9s de que Evo Morales recibiera una notificaci\u00f3n por edicto en el marco del proceso por el presunto delito de&nbsp;trata de personas&nbsp;con agravante, parlamentarios pidieron este martes 28 de abril que el expresidente deje de gozar de beneficios y que se ejecute cuanto antes la orden de aprehensi\u00f3n en su contra.<\/p>\n<p>La senadora Claudia Mallon exigi\u00f3 seriedad al ministro de Gobierno, Marco Antonio Oviedo. Ella record\u00f3 que Morales ya tiene una orden de aprehensi\u00f3n que deber\u00eda cumplirse. Seg\u00fan su criterio, esta es una deuda con el pa\u00eds, ya que nadie puede gozar de este tipo de privilegios.<\/p>\n<p>\u201cEs incre\u00edble que \u00e9l sea llamado por edicto a comparecer ante la justicia, cuando todos los domingos sale por su programa de radio. No debe haber privilegiados y el ministro de Gobierno debe responderle al pa\u00eds qu\u00e9 va a pasar con Evo Morales\u201d, manifest\u00f3 la senadora.<\/p>\n<p>Mallon calific\u00f3 la notificaci\u00f3n por edicto como \u201cuna gran mentira\u201d porque no hay forma de no conocer el domicilio de una persona que realiza actividades pol\u00edticas constantemente. Afirm\u00f3 que Morales sigue impune debido a la inacci\u00f3n del ministro de Gobierno.<\/p>\n<p>El diputado \u00c9dgar Zegarra coincidi\u00f3 en que las leyes son para todos y que el expresidente deber\u00eda dejar de tener tantos privilegios ante la justicia. Adem\u00e1s, enfatiz\u00f3 que es tarea de Oviedo y la Fiscal\u00eda hacer cumplir las normativas en este caso.<\/p>\n<p>\u201cNo podemos poner todo para ese se\u00f1or y hacerlo de acuerdo a su petici\u00f3n; lo que hay que hacer es cumplir la ley. Este se\u00f1or es un ciudadano m\u00e1s como cualquiera. Deber\u00eda dar la cara no solo a la justicia sino tambi\u00e9n al poder Ejecutivo\u201d, declar\u00f3 Zegarra.<\/p>\n<p>Zegarra consider\u00f3 que la citaci\u00f3n por edicto es una \u201ccortina de humo\u201d para ocultar el caso. Asegur\u00f3 que el ministro de Gobierno conoce la ubicaci\u00f3n exacta de Morales para hacer cumplir la ley, pero prefiere no actuar debido a los residuos del masismo en la justicia.<\/p>\n<p>Finalmente, la diputada Patricia Pati\u00f1o enfatiz\u00f3 que toda persona que haya cometido un delito debe responder ante la justicia. En este sentido, manifest\u00f3 que la orden de aprehensi\u00f3n debe ser ejecutada.<\/p>\n<p>En el marco del proceso por el presunto delito de trata de personas con agravante, la Fiscal\u00eda Departamental de Tarija inform\u00f3 que Evo Morales fue notificado mediante edicto despu\u00e9s de no poder ser ubicado en el domicilio declarado ante la justicia, seg\u00fan public\u00f3&nbsp;<\/p>\n<p>El fiscal departamental Jos\u00e9 Mogro explic\u00f3 que, a trav\u00e9s de su abogado, Morales se present\u00f3 al proceso e indic\u00f3 una direcci\u00f3n en el tr\u00f3pico de Cochabamba; sin embargo, al momento de la notificaci\u00f3n, no fue encontrado, lo que deriv\u00f3 en la publicaci\u00f3n del edicto en medios de prensa.<\/p>","protected":false},"excerpt":{"rendered":"<p>Mientras Evo Morales es notificado, parlamentarios reclaman que se cumpla la orden de aprehensi\u00f3n en su contra. &nbsp;<\/p>\n","protected":false},"author":1,"featured_media":0,"comment_status":"","ping_status":"","sticky":false,"template":"","format":"standard","meta":{"fifu_image_url":"https:\/\/hub.idealabgroup.com\/public\/uploads\/img_1c25cb6145d8225e7ab66445895c2b530a2ed7a3.webp","fifu_image_alt":"","footnotes":""},"categories":[37],"tags":[],"class_list":["post-12051","post","type-post","status-publish","format-standard","hentry","category-cochabamba"],"_links":{"self":[{"href":"https:\/\/desdelsurnoticias.com\/index.php\/wp-json\/wp\/v2\/posts\/12051","targetHints":{"allow":["GET"]}}],"collection":[{"href":"https:\/\/desdelsurnoticias.com\/index.php\/wp-json\/wp\/v2\/posts"}],"about":[{"href":"https:\/\/desdelsurnoticias.com\/index.php\/wp-json\/wp\/v2\/types\/post"}],"author":[{"embeddable":true,"href":"https:\/\/desdelsurnoticias.com\/index.php\/wp-json\/wp\/v2\/users\/1"}],"replies":[{"embeddable":true,"href":"https:\/\/desdelsurnoticias.com\/index.php\/wp-json\/wp\/v2\/comments?post=12051"}],"version-history":[{"count":0,"href":"https:\/\/desdelsurnoticias.com\/index.php\/wp-json\/wp\/v2\/posts\/12051\/revisions"}],"wp:attachment":[{"href":"https:\/\/desdelsurnoticias.com\/index.php\/wp-json\/wp\/v2\/media?parent=12051"}],"wp:term":[{"taxonomy":"category","embeddable":true,"href":"https:\/\/desdelsurnoticias.com\/index.php\/wp-json\/wp\/v2\/categories?post=12051"},{"taxonomy":"post_tag","embeddable":true,"href":"https:\/\/desdelsurnoticias.com\/index.php\/wp-json\/wp\/v2\/tags?post=12051"}],"curies":[{"name":"wp","href":"https:\/\/api.w.org\/{rel}","templated":true}]}}