{"id":12052,"date":"2026-04-29T15:32:00","date_gmt":"2026-04-29T19:32:00","guid":{"rendered":"https:\/\/desdelsurnoticias.com\/index.php\/2026\/04\/29\/conflictos-vocero-presidencial-insta-al-dialogo-y-cree-que-esta-en-curso-un-proceso-conspirativo\/"},"modified":"2026-04-29T15:32:00","modified_gmt":"2026-04-29T19:32:00","slug":"conflictos-vocero-presidencial-insta-al-dialogo-y-cree-que-esta-en-curso-un-proceso-conspirativo","status":"publish","type":"post","link":"https:\/\/desdelsurnoticias.com\/index.php\/2026\/04\/29\/conflictos-vocero-presidencial-insta-al-dialogo-y-cree-que-esta-en-curso-un-proceso-conspirativo\/","title":{"rendered":"Conflictos: vocero presidencial insta al di\u00e1logo y cree que est\u00e1 en curso un \u201cproceso conspirativo\u201d"},"content":{"rendered":"<p>Jos\u00e9 Luis G\u00e1lvez advierte que ciertos sectores buscan generar caos para provocar una convulsi\u00f3n pol\u00edtica.<\/p>\n<figure class=\"wp-block-image\"><img decoding=\"async\" src=\"https:\/\/hub.idealabgroup.com\/public\/uploads\/img_70ce576169a15f9ac6191d09ca7f20223398cc1f.webp\" alt=\"Jos\u00e9 Luis G\u00e1lvez en su primera conferencia de prensa como vocero.\"\/><figcaption>Jos\u00e9 Luis G\u00e1lvez en su primera conferencia de prensa como vocero.<\/figcaption><\/figure>\n<p>En medio del&nbsp;escenario conflictivo que vive el pa\u00eds, el nuevo vocero presidencial, Jos\u00e9 Luis G\u00e1lvez, inst\u00f3 este mi\u00e9rcoles al di\u00e1logo a todos los sectores movilizados.&nbsp;<\/p>\n<p>\u201cEn t\u00e9rminos generales,&nbsp;el gobierno nacional ha invitado a conversar, a dialogar. Los invitamos a trabajar en conjunto&nbsp;para que podamos construir las soluciones y esa es la respuesta a todas las manifestaciones, las movilizaciones que son leg\u00edtimas\u201d, dijo G\u00e1lvez en su&nbsp;primera conferencia de prensa como vocero.<\/p>\n<p>En el pa\u00eds&nbsp;est\u00e1n activos varios conflictos&nbsp;en demanda de incremento salarial, la dotaci\u00f3n de combustible de buena calidad y otros pedidos sectoriales que generan marchas y algunos bloqueos.&nbsp;&nbsp;\u201cEstamos en democracia y podemos expresar nuestras demandas, de eso se trata y tenemos que escucharnos. En lo o que s\u00ed&nbsp;no estamos de acuerdo es en la generaci\u00f3n de convulsi\u00f3n pol\u00edtica con intenciones de generar un caos y eventualmente construir un proceso conspirativo, que creemos que, en parte, est\u00e1 en curso\u201d, agreg\u00f3 el funcionario.<\/p>\n<p>&nbsp;El vocero asegur\u00f3 que en el pa\u00eds existen unas \u201cestructuras\u201d que no quieren el \u201ccambio\u201d encomendado en las elecciones generales al gobierno del presidente Rodrigo Paz.&nbsp;<\/p>\n<p>\u201cTenemos que reconocer que a pesar de que el 85% del total de los bolivianos opt\u00f3 por algo distinto, s\u00ed&nbsp;hay lamentablemente algunas estructuras de orden pol\u00edtica, partidaria, dirigencial, etc\u00e9tera, que a todas luces se oponen a un cambio&nbsp;y a reconstruir nuestro pa\u00eds\u201d, se\u00f1al\u00f3.<\/p>\n<p>El funcionario se\u00f1al\u00f3&nbsp;que \u201cprobablemente\u201d ocurre esa situaci\u00f3n porque \u201ctambi\u00e9n est\u00e1n defendiendo algo en el que se encontraban muy c\u00f3modos y disfrutaban de determinados beneficios\u201d.&nbsp;<\/p>\n<p>\u201cAhora, estas mismas estructuras, lamentablemente, en el contexto inmediato en el que nos encontramos, est\u00e1n buscando escenarios de conflicto y de confrontaci\u00f3n\u201d, insisti\u00f3.<\/p>\n<p>&nbsp;\u201cNo vamos a ceder\u201d<\/p>\n<p>Sin embargo, el vocero tambi\u00e9n asegur\u00f3 que no van a ceder ante determinadas presiones.<\/p>\n<p>\u201cPese a que hay estas estructuras, la convicci\u00f3n del gobierno nacional es firme respecto a que no vamos a ceder ning\u00fan espacio, porque es un mandato el que hemos recibido y hay cosas que consideramos que son innegociables\u201d, remarc\u00f3.<\/p>","protected":false},"excerpt":{"rendered":"<p>Jos\u00e9 Luis G\u00e1lvez advierte que ciertos sectores buscan generar caos para provocar una convulsi\u00f3n pol\u00edtica. En medio del&nbsp;escenario<\/p>\n","protected":false},"author":1,"featured_media":0,"comment_status":"","ping_status":"","sticky":false,"template":"","format":"standard","meta":{"fifu_image_url":"https:\/\/hub.idealabgroup.com\/public\/uploads\/img_70ce576169a15f9ac6191d09ca7f20223398cc1f.webp","fifu_image_alt":"","footnotes":""},"categories":[22],"tags":[],"class_list":["post-12052","post","type-post","status-publish","format-standard","hentry","category-bolivia"],"_links":{"self":[{"href":"https:\/\/desdelsurnoticias.com\/index.php\/wp-json\/wp\/v2\/posts\/12052","targetHints":{"allow":["GET"]}}],"collection":[{"href":"https:\/\/desdelsurnoticias.com\/index.php\/wp-json\/wp\/v2\/posts"}],"about":[{"href":"https:\/\/desdelsurnoticias.com\/index.php\/wp-json\/wp\/v2\/types\/post"}],"author":[{"embeddable":true,"href":"https:\/\/desdelsurnoticias.com\/index.php\/wp-json\/wp\/v2\/users\/1"}],"replies":[{"embeddable":true,"href":"https:\/\/desdelsurnoticias.com\/index.php\/wp-json\/wp\/v2\/comments?post=12052"}],"version-history":[{"count":0,"href":"https:\/\/desdelsurnoticias.com\/index.php\/wp-json\/wp\/v2\/posts\/12052\/revisions"}],"wp:attachment":[{"href":"https:\/\/desdelsurnoticias.com\/index.php\/wp-json\/wp\/v2\/media?parent=12052"}],"wp:term":[{"taxonomy":"category","embeddable":true,"href":"https:\/\/desdelsurnoticias.com\/index.php\/wp-json\/wp\/v2\/categories?post=12052"},{"taxonomy":"post_tag","embeddable":true,"href":"https:\/\/desdelsurnoticias.com\/index.php\/wp-json\/wp\/v2\/tags?post=12052"}],"curies":[{"name":"wp","href":"https:\/\/api.w.org\/{rel}","templated":true}]}}