{"id":12053,"date":"2026-04-29T20:02:00","date_gmt":"2026-04-30T00:02:00","guid":{"rendered":"https:\/\/desdelsurnoticias.com\/index.php\/2026\/04\/29\/choferes-anuncian-paro-nacional-escalonado-desde-el-5-de-mayo\/"},"modified":"2026-04-29T20:02:00","modified_gmt":"2026-04-30T00:02:00","slug":"choferes-anuncian-paro-nacional-escalonado-desde-el-5-de-mayo","status":"publish","type":"post","link":"https:\/\/desdelsurnoticias.com\/index.php\/2026\/04\/29\/choferes-anuncian-paro-nacional-escalonado-desde-el-5-de-mayo\/","title":{"rendered":"Choferes anuncian paro nacional escalonado desde el 5 de mayo"},"content":{"rendered":"<p>La medida fue tomada tras un ampliado celebrado en Santa Cruz de la Sierra, donde participaron dirigentes de 11 federaciones de choferes.<\/p>\n<figure class=\"wp-block-image\"><img decoding=\"async\" src=\"https:\/\/hub.idealabgroup.com\/public\/uploads\/img_3a89920105c3e9340aa4d4d06990161a0ee0d88b.webp\" alt=\"Ampliado de la Confederaci\u00f3n Nacional de Ch\u00f3feres.\"\/><figcaption>Ampliado de la Confederaci\u00f3n Nacional de Ch\u00f3feres.<\/figcaption><\/figure>\n<p>La Confederaci\u00f3n de Choferes de Bolivia anunci\u00f3 un paro nacional escalonado a partir del 5 de mayo en protesta por varios problemas que afectan al sector, principalmente relacionados con el combustible y las condiciones de las carreteras.<\/p>\n<p>La medida fue tomada tras un ampliado celebrado en Santa Cruz de la Sierra, donde participaron dirigentes de 11 federaciones de choferes.<\/p>\n<p>Lucio G\u00f3mez, ejecutivo de la Confederaci\u00f3n, explic\u00f3 que la falta de respuesta por parte del Gobierno a sus demandas motiv\u00f3 esta decisi\u00f3n. Las principales reivindicaciones del sector tienen que ven con la soluci\u00f3n a los problemas en la comercializaci\u00f3n y la mala calidad de la gasolina, el resarcimiento por los da\u00f1os causados a los motores de los veh\u00edculos por la denominada \u201cgasolina desestabilizada\u201d, la mejora de las carreteras en mal estado y la adquisici\u00f3n de m\u00e1s cilindros para la conversi\u00f3n de veh\u00edculos a Gas Natural Vehicular (GNV).<\/p>\n<h3 class=\"wp-block-heading\">Medida de presi\u00f3n<\/h3>\n<p>El paro comenzar\u00e1 el 5 de mayo con una medida de 24 horas, y si no se reciben respuestas satisfactorias, se ampliar\u00e1 a 48 horas, luego a 72 horas, hasta llegar a un paro indefinido. Los transportistas tambi\u00e9n mencionaron la escasez de di\u00e9sel y el incumplimiento en la distribuci\u00f3n de GLP como parte de sus exigencias. G\u00f3mez asegur\u00f3 que la poblaci\u00f3n se sumar\u00e1 a la protesta, indicando que ya no pueden seguir viviendo de promesas.<\/p>\n<p>&nbsp;<\/p>","protected":false},"excerpt":{"rendered":"<p>La medida fue tomada tras un ampliado celebrado en Santa Cruz de la Sierra, donde participaron dirigentes de<\/p>\n","protected":false},"author":1,"featured_media":0,"comment_status":"","ping_status":"","sticky":false,"template":"","format":"standard","meta":{"fifu_image_url":"https:\/\/hub.idealabgroup.com\/public\/uploads\/img_3a89920105c3e9340aa4d4d06990161a0ee0d88b.webp","fifu_image_alt":"","footnotes":""},"categories":[43],"tags":[],"class_list":["post-12053","post","type-post","status-publish","format-standard","hentry","category-santa-cruz"],"_links":{"self":[{"href":"https:\/\/desdelsurnoticias.com\/index.php\/wp-json\/wp\/v2\/posts\/12053","targetHints":{"allow":["GET"]}}],"collection":[{"href":"https:\/\/desdelsurnoticias.com\/index.php\/wp-json\/wp\/v2\/posts"}],"about":[{"href":"https:\/\/desdelsurnoticias.com\/index.php\/wp-json\/wp\/v2\/types\/post"}],"author":[{"embeddable":true,"href":"https:\/\/desdelsurnoticias.com\/index.php\/wp-json\/wp\/v2\/users\/1"}],"replies":[{"embeddable":true,"href":"https:\/\/desdelsurnoticias.com\/index.php\/wp-json\/wp\/v2\/comments?post=12053"}],"version-history":[{"count":0,"href":"https:\/\/desdelsurnoticias.com\/index.php\/wp-json\/wp\/v2\/posts\/12053\/revisions"}],"wp:attachment":[{"href":"https:\/\/desdelsurnoticias.com\/index.php\/wp-json\/wp\/v2\/media?parent=12053"}],"wp:term":[{"taxonomy":"category","embeddable":true,"href":"https:\/\/desdelsurnoticias.com\/index.php\/wp-json\/wp\/v2\/categories?post=12053"},{"taxonomy":"post_tag","embeddable":true,"href":"https:\/\/desdelsurnoticias.com\/index.php\/wp-json\/wp\/v2\/tags?post=12053"}],"curies":[{"name":"wp","href":"https:\/\/api.w.org\/{rel}","templated":true}]}}