{"id":12054,"date":"2026-04-29T21:10:00","date_gmt":"2026-04-30T01:10:00","guid":{"rendered":"https:\/\/desdelsurnoticias.com\/index.php\/2026\/04\/29\/sectores-productivos-cuestionan-a-la-cob-y-alertan-impacto-de-alza-salarial-del-20\/"},"modified":"2026-04-29T21:10:00","modified_gmt":"2026-04-30T01:10:00","slug":"sectores-productivos-cuestionan-a-la-cob-y-alertan-impacto-de-alza-salarial-del-20","status":"publish","type":"post","link":"https:\/\/desdelsurnoticias.com\/index.php\/2026\/04\/29\/sectores-productivos-cuestionan-a-la-cob-y-alertan-impacto-de-alza-salarial-del-20\/","title":{"rendered":"Sectores productivos cuestionan a la COB y alertan impacto de alza salarial del 20%"},"content":{"rendered":"<p>El Comit\u00e9 Multisectorial afirma que la entidad obrera no representa a la mayor\u00eda laboral y advierte riesgos para el empleo y la econom\u00eda<\/p>\n<figure class=\"wp-block-image\"><img decoding=\"async\" src=\"https:\/\/hub.idealabgroup.com\/public\/uploads\/img_a06a8187029df66cfbc275f5a3b2672a8ffe2c5b.webp\" alt=\"Dirigentes de diferentes sectores rechazaron la postura de la COB.\"\/><figcaption>Dirigentes de diferentes sectores rechazaron la postura de la COB.<\/figcaption><\/figure>\n<p>El Comit\u00e9 Multisectorial de la cadena productiva nacional cuestion\u00f3 la postura de la Central Obrera Boliviana (COB) en torno a la demanda de un incremento salarial del 20%, se\u00f1alando que no refleja la realidad de la mayor\u00eda de los trabajadores del pa\u00eds y que responde a \u201cagendas espec\u00edficas y minoritarias\u201d.<\/p>\n<p>El pronunciamiento surge en medio de la suspensi\u00f3n del di\u00e1logo tripartito convocado por el Gobierno, luego de que la dirigencia de la COB no asistiera al encuentro donde deb\u00eda tratarse su pliego petitorio. En paralelo, el ente matriz anunci\u00f3 un cabildo para el 1 de mayo en El Alto, donde prev\u00e9 asumir nuevas determinaciones.<\/p>\n<p>\u201cLos sectores que conformamos la cadena multisectorial somos quienes sostenemos el aparato productivo nacional, generamos empleo, inversi\u00f3n, d\u00f3lares. No es aceptable que intereses pol\u00edticos, disfrazados de representaci\u00f3n social, pretendan frenar el desarrollo econ\u00f3mico del pa\u00eds\u201d, sostuvo el presidente de la C\u00e1mara Nacional de Exportadores de Bolivia (Caneb), Oswaldo Barriga.<\/p>\n<p>En la misma l\u00ednea, el presidente de la C\u00e1mara Boliviana de Transporte, Luis \u00c1\u00f1ez, afirm\u00f3 que la COB no representa a sectores como el transporte, donde la mayor\u00eda de los trabajadores opera de forma independiente. Seg\u00fan indic\u00f3, cerca del 85% de la masa laboral del pa\u00eds no est\u00e1 afiliada ni representada por la organizaci\u00f3n sindical.<\/p>\n<p>Desde el Gobierno, el ministro de Trabajo atribuy\u00f3 la suspensi\u00f3n del di\u00e1logo a la inasistencia de la COB y advirti\u00f3 la presencia de intereses pol\u00edticos detr\u00e1s de esta decisi\u00f3n, en alusi\u00f3n al cabildo convocado para el D\u00eda del Trabajo.<\/p>\n<p>Mientras tanto, autoridades del \u00e1rea econ\u00f3mica plantearon avanzar en mesas t\u00e9cnicas que incluyan a distintos actores, tanto trabajadores como generadores de empleo, con el objetivo de construir una agenda m\u00e1s amplia que vaya m\u00e1s all\u00e1 del debate salarial.<\/p>\n<p>Barriga tambi\u00e9n advirti\u00f3 que el pa\u00eds enfrenta un escenario econ\u00f3mico complejo, resultado de pol\u00edticas acumuladas durante m\u00e1s de dos d\u00e9cadas, que \u2014seg\u00fan dijo\u2014 han reducido la competitividad y encarecido la producci\u00f3n. \u201cUn incremento del salario o de los costos generar\u00e1 necesariamente el cierre de diversas unidades econ\u00f3micas\u201d, alert\u00f3, al se\u00f1alar el riesgo de p\u00e9rdida de empleos formales.<\/p>","protected":false},"excerpt":{"rendered":"<p>El Comit\u00e9 Multisectorial afirma que la entidad obrera no representa a la mayor\u00eda laboral y advierte riesgos para<\/p>\n","protected":false},"author":1,"featured_media":0,"comment_status":"","ping_status":"","sticky":false,"template":"","format":"standard","meta":{"fifu_image_url":"https:\/\/hub.idealabgroup.com\/public\/uploads\/img_a06a8187029df66cfbc275f5a3b2672a8ffe2c5b.webp","fifu_image_alt":"","footnotes":""},"categories":[43],"tags":[],"class_list":["post-12054","post","type-post","status-publish","format-standard","hentry","category-santa-cruz"],"_links":{"self":[{"href":"https:\/\/desdelsurnoticias.com\/index.php\/wp-json\/wp\/v2\/posts\/12054","targetHints":{"allow":["GET"]}}],"collection":[{"href":"https:\/\/desdelsurnoticias.com\/index.php\/wp-json\/wp\/v2\/posts"}],"about":[{"href":"https:\/\/desdelsurnoticias.com\/index.php\/wp-json\/wp\/v2\/types\/post"}],"author":[{"embeddable":true,"href":"https:\/\/desdelsurnoticias.com\/index.php\/wp-json\/wp\/v2\/users\/1"}],"replies":[{"embeddable":true,"href":"https:\/\/desdelsurnoticias.com\/index.php\/wp-json\/wp\/v2\/comments?post=12054"}],"version-history":[{"count":0,"href":"https:\/\/desdelsurnoticias.com\/index.php\/wp-json\/wp\/v2\/posts\/12054\/revisions"}],"wp:attachment":[{"href":"https:\/\/desdelsurnoticias.com\/index.php\/wp-json\/wp\/v2\/media?parent=12054"}],"wp:term":[{"taxonomy":"category","embeddable":true,"href":"https:\/\/desdelsurnoticias.com\/index.php\/wp-json\/wp\/v2\/categories?post=12054"},{"taxonomy":"post_tag","embeddable":true,"href":"https:\/\/desdelsurnoticias.com\/index.php\/wp-json\/wp\/v2\/tags?post=12054"}],"curies":[{"name":"wp","href":"https:\/\/api.w.org\/{rel}","templated":true}]}}