{"id":12055,"date":"2026-04-30T21:29:00","date_gmt":"2026-05-01T01:29:00","guid":{"rendered":"https:\/\/desdelsurnoticias.com\/index.php\/2026\/04\/30\/fiscalia-chofer-del-bus-que-causo-nueve-fallecidos-no-tenia-licencia\/"},"modified":"2026-04-30T21:29:00","modified_gmt":"2026-05-01T01:29:00","slug":"fiscalia-chofer-del-bus-que-causo-nueve-fallecidos-no-tenia-licencia","status":"publish","type":"post","link":"https:\/\/desdelsurnoticias.com\/index.php\/2026\/04\/30\/fiscalia-chofer-del-bus-que-causo-nueve-fallecidos-no-tenia-licencia\/","title":{"rendered":"Fiscal\u00eda: Chofer del bus que caus\u00f3 nueve fallecidos no ten\u00eda licencia"},"content":{"rendered":"<p>Tras registrarse la muerte de nueve personas en un accidente en la carretera internacional que conecta a Chile con Bolivia, la Fiscal\u00eda de Oruro inform\u00f3 que el chofer tiene 24 a\u00f1os y no present\u00f3 su licenciada de conducir.<\/p>\n<figure class=\"wp-block-image\"><img decoding=\"async\" src=\"https:\/\/hub.idealabgroup.com\/public\/uploads\/img_e9d1ef6a8a015622f50ce8061bd3af91fb294aa3.webp\" alt=\": Chofer del bus que caus\u00f3 nueve fallecidos no ten\u00eda licencia.\"\/><figcaption>: Chofer del bus que caus\u00f3 nueve fallecidos no ten\u00eda licencia.<\/figcaption><\/figure>\n<p>Tras registrarse la muerte de nueve personas en un accidente en la carretera internacional que conecta a Chile con Bolivia, la Fiscal\u00eda de Oruro inform\u00f3 que el chofer tiene 24 a\u00f1os y no present\u00f3 su licenciada de conducir.<\/p>\n<p>Mauricio Ram\u00edrez, coordinador de la Fiscal\u00eda de Oruro, inform\u00f3 que el bus accidentado parti\u00f3 de Iquique y ten\u00eda como destino Oruro; sin embargo, durante el trayecto perdi\u00f3 el control del veh\u00edculo que se sali\u00f3 de la v\u00eda lo que provoc\u00f3 un vuelco lateral.<\/p>\n<p>\u201cEl conductor de dicho \u00f3mnibus tiene 24 a\u00f1os de edad, no portaba lo que es la licencia de conducir\u201d, se\u00f1al\u00f3 Ram\u00edrez.<\/p>\n<p>La autoridad agreg\u00f3 que se realizan las investigaciones para establecer las causas del accidente; sin embargo, considera que hubo falta de precauci\u00f3n y exceso de velocidad.<\/p>\n<p>Confirm\u00f3 que producto de este hecho existen nueve personas fallecidas, de las que dos a\u00fan no han podido ser identificadas. A esto se suman 24 heridos, entre los que est\u00e1 el conductor del veh\u00edculo.<\/p>\n<p>Agreg\u00f3 que entre los heridos est\u00e1 un ni\u00f1o de 1 a\u00f1o y algunos meses. El resto de personas que sobrevivi\u00f3 el accidente tiene lesiones de diferente magnitud, varios tienen golpes en la cabeza, la cara o en la espalda.<\/p>\n<p>El fiscal departamental de Oruro, Aldo Morales, dijo que se manejan dos hip\u00f3tesis que deber\u00e1n ser resueltas en el transcurso de la investigaci\u00f3n y tras la toma de declaraciones de los pasajeros.<\/p>\n<p>\u201cLas hip\u00f3tesis que manejamos son el cansancio del chofer y que el mismo est\u00e9 bajo el efecto de algunas sustancias\u201d, puntualiz\u00f3.<\/p>\n<p>Adem\u00e1s, Morales indic\u00f3 que han precintado el guardaequipaje del bus, teniendo en cuenta que en el interior se encontraba mercader\u00eda de los viajeros que retornaban de Chile. \u201cLa mayor\u00eda eran ciudadanos bolivianos, tenemos dos personas extranjeras que estaban llegando de Chile. Se est\u00e1n tomando las declaraciones a los heridos (&#8230;) hay muchas personas que traen mercader\u00eda y existe gran cantidad de maletas; los familiares tendr\u00e1n que recogerlas\u201d, explic\u00f3.<\/p>\n<p><b>FALLECIDOS<\/b><\/p>\n<p>1.- Erbin Yucra Quispe (31)<\/p>\n<p>2.- Juan Domingo Barrios Yurquina (29)&nbsp;<\/p>\n<p>3.- V\u00edctor Hugo Salazar Toledo (31)&nbsp;<\/p>\n<p>4.- Elmer Nina Juchazara (27)&nbsp;<\/p>\n<p>5.- Un var\u00f3n N.N.<\/p>\n<p>6.- Gabriela V\u00e9liz Onofre (48)<\/p>\n<p>7.- Eliana Roque Colque (25)&nbsp;<\/p>\n<p>8.- Margarita S\u00e1nchez Huailla (27)&nbsp;<\/p>\n<p>9.- Mujer N.N.<\/p>","protected":false},"excerpt":{"rendered":"<p>Tras registrarse la muerte de nueve personas en un accidente en la carretera internacional que conecta a Chile<\/p>\n","protected":false},"author":1,"featured_media":0,"comment_status":"","ping_status":"","sticky":false,"template":"","format":"standard","meta":{"fifu_image_url":"https:\/\/hub.idealabgroup.com\/public\/uploads\/img_e9d1ef6a8a015622f50ce8061bd3af91fb294aa3.webp","fifu_image_alt":"","footnotes":""},"categories":[36],"tags":[],"class_list":["post-12055","post","type-post","status-publish","format-standard","hentry","category-oruro"],"_links":{"self":[{"href":"https:\/\/desdelsurnoticias.com\/index.php\/wp-json\/wp\/v2\/posts\/12055","targetHints":{"allow":["GET"]}}],"collection":[{"href":"https:\/\/desdelsurnoticias.com\/index.php\/wp-json\/wp\/v2\/posts"}],"about":[{"href":"https:\/\/desdelsurnoticias.com\/index.php\/wp-json\/wp\/v2\/types\/post"}],"author":[{"embeddable":true,"href":"https:\/\/desdelsurnoticias.com\/index.php\/wp-json\/wp\/v2\/users\/1"}],"replies":[{"embeddable":true,"href":"https:\/\/desdelsurnoticias.com\/index.php\/wp-json\/wp\/v2\/comments?post=12055"}],"version-history":[{"count":0,"href":"https:\/\/desdelsurnoticias.com\/index.php\/wp-json\/wp\/v2\/posts\/12055\/revisions"}],"wp:attachment":[{"href":"https:\/\/desdelsurnoticias.com\/index.php\/wp-json\/wp\/v2\/media?parent=12055"}],"wp:term":[{"taxonomy":"category","embeddable":true,"href":"https:\/\/desdelsurnoticias.com\/index.php\/wp-json\/wp\/v2\/categories?post=12055"},{"taxonomy":"post_tag","embeddable":true,"href":"https:\/\/desdelsurnoticias.com\/index.php\/wp-json\/wp\/v2\/tags?post=12055"}],"curies":[{"name":"wp","href":"https:\/\/api.w.org\/{rel}","templated":true}]}}