{"id":12056,"date":"2026-05-01T18:39:00","date_gmt":"2026-05-01T22:39:00","guid":{"rendered":"https:\/\/desdelsurnoticias.com\/index.php\/2026\/05\/01\/la-cob-declara-paro-general-indefinido-con-movilizaciones-desde-este-viernes\/"},"modified":"2026-05-01T18:39:00","modified_gmt":"2026-05-01T22:39:00","slug":"la-cob-declara-paro-general-indefinido-con-movilizaciones-desde-este-viernes","status":"publish","type":"post","link":"https:\/\/desdelsurnoticias.com\/index.php\/2026\/05\/01\/la-cob-declara-paro-general-indefinido-con-movilizaciones-desde-este-viernes\/","title":{"rendered":"La COB declara paro general indefinido con movilizaciones desde este viernes"},"content":{"rendered":"<p>El ejecutivo de la COB denunci\u00f3 adem\u00e1s presunto nepotismo en ministerios y cuestion\u00f3 al ministro de Trabajo, \u00c9dgar Morales, afirmando que \u201ctoda su familia est\u00e1 metida\u201d en esa cartera,<\/p>\n<figure class=\"wp-block-image\"><img decoding=\"async\" src=\"https:\/\/hub.idealabgroup.com\/public\/uploads\/img_ca4127c27f3f652411432a8fc8beead9f40e6b4a.webp\" alt=\"El cabildo de la COB en El Alto.\"\/><figcaption>El cabildo de la COB en El Alto.<\/figcaption><\/figure>\n<p>&nbsp;<\/p>\n<p>La Central Obrera Boliviana (COB) declar\u00f3 un paro general indefinido con movilizaciones desde este viernes, tras el cabildo nacional que reuni\u00f3 a sectores de los nueve departamentos del pa\u00eds. La medida, seg\u00fan su ejecutivo Mario Argollo, busca respaldar a sectores ya movilizados y exigir atenci\u00f3n inmediata a sus demandas.<\/p>\n<p>\u201cSe ha declarado el paro general indefinido movilizado para apoyar a nuestros compa\u00f1eros movilizados y si el Gobierno no soluciona de manera inmediata, tiene que dar un paso al costado\u201d, afirm\u00f3 Argollo.<\/p>\n<p>El dirigente sostuvo que la determinaci\u00f3n responde a semanas de movilizaci\u00f3n de varios sectores y a la necesidad de evitar cualquier interpretaci\u00f3n de desmovilizaci\u00f3n o debilitamiento del conflicto social, en un contexto de creciente tensi\u00f3n con el Gobierno.<\/p>\n<p>Asimismo, Argollo se\u00f1al\u00f3 que la medida tambi\u00e9n responde al alza del costo de la canasta familiar, el desempleo y las observaciones al suministro de combustibles, adem\u00e1s de acusar falta de soluciones por parte del Ejecutivo.<\/p>\n<p>El ejecutivo de la COB denunci\u00f3 adem\u00e1s presunto nepotismo en ministerios y cuestion\u00f3 al ministro de Trabajo, \u00c9dgar Morales, afirmando que \u201ctoda su familia est\u00e1 metida\u201d en esa cartera, mientras desafi\u00f3 a las autoridades a conocer las condiciones laborales de mineros y trabajadores del \u00e1rea rural.&nbsp;<\/p>","protected":false},"excerpt":{"rendered":"<p>El ejecutivo de la COB denunci\u00f3 adem\u00e1s presunto nepotismo en ministerios y cuestion\u00f3 al ministro de Trabajo, \u00c9dgar<\/p>\n","protected":false},"author":1,"featured_media":0,"comment_status":"","ping_status":"","sticky":false,"template":"","format":"standard","meta":{"fifu_image_url":"https:\/\/hub.idealabgroup.com\/public\/uploads\/img_ca4127c27f3f652411432a8fc8beead9f40e6b4a.webp","fifu_image_alt":"","footnotes":""},"categories":[35],"tags":[],"class_list":["post-12056","post","type-post","status-publish","format-standard","hentry","category-la-paz"],"_links":{"self":[{"href":"https:\/\/desdelsurnoticias.com\/index.php\/wp-json\/wp\/v2\/posts\/12056","targetHints":{"allow":["GET"]}}],"collection":[{"href":"https:\/\/desdelsurnoticias.com\/index.php\/wp-json\/wp\/v2\/posts"}],"about":[{"href":"https:\/\/desdelsurnoticias.com\/index.php\/wp-json\/wp\/v2\/types\/post"}],"author":[{"embeddable":true,"href":"https:\/\/desdelsurnoticias.com\/index.php\/wp-json\/wp\/v2\/users\/1"}],"replies":[{"embeddable":true,"href":"https:\/\/desdelsurnoticias.com\/index.php\/wp-json\/wp\/v2\/comments?post=12056"}],"version-history":[{"count":0,"href":"https:\/\/desdelsurnoticias.com\/index.php\/wp-json\/wp\/v2\/posts\/12056\/revisions"}],"wp:attachment":[{"href":"https:\/\/desdelsurnoticias.com\/index.php\/wp-json\/wp\/v2\/media?parent=12056"}],"wp:term":[{"taxonomy":"category","embeddable":true,"href":"https:\/\/desdelsurnoticias.com\/index.php\/wp-json\/wp\/v2\/categories?post=12056"},{"taxonomy":"post_tag","embeddable":true,"href":"https:\/\/desdelsurnoticias.com\/index.php\/wp-json\/wp\/v2\/tags?post=12056"}],"curies":[{"name":"wp","href":"https:\/\/api.w.org\/{rel}","templated":true}]}}