{"id":12057,"date":"2026-05-01T20:27:00","date_gmt":"2026-05-02T00:27:00","guid":{"rendered":"https:\/\/desdelsurnoticias.com\/index.php\/2026\/05\/01\/organo-judicial-declara-nueve-dias-de-duelo-por-fallecimiento-de-magistrado\/"},"modified":"2026-05-01T20:27:00","modified_gmt":"2026-05-02T00:27:00","slug":"organo-judicial-declara-nueve-dias-de-duelo-por-fallecimiento-de-magistrado","status":"publish","type":"post","link":"https:\/\/desdelsurnoticias.com\/index.php\/2026\/05\/01\/organo-judicial-declara-nueve-dias-de-duelo-por-fallecimiento-de-magistrado\/","title":{"rendered":"\u00d3rgano Judicial declara nueve d\u00edas de duelo por fallecimiento de magistrado"},"content":{"rendered":"<p>El duelo no implica la suspensi\u00f3n de actividades jurisdiccionales ni administrativas, por lo que los plazos legales, la atenci\u00f3n al p\u00fablico y el trabajo operativo continuar\u00e1n con normalidad.<\/p>\n<figure class=\"wp-block-image\"><img decoding=\"async\" src=\"https:\/\/hub.idealabgroup.com\/public\/uploads\/img_a72a38ff996ed2c83ae2f9cc2ee887bea9301305.webp\" alt=\"El Tribunal Supremo de Justicia.\"\/><figcaption>El Tribunal Supremo de Justicia.<\/figcaption><\/figure>\n<p>El \u00d3rgano Judicial declar\u00f3 nueve d\u00edas de duelo institucional tras el asesinato de V\u00edctor Hugo Claure Hinojoza, decano del Tribunal Agroambiental, sin la suspensi\u00f3n de actividades jurisdiccionales ni administrativas.<\/p>\n<p>\u201cCon profundo pesar, el \u00d3rgano Judicial lamenta el sensible fallecimiento del Dr. V\u00edctor Hugo Claure Hinojoza, Decano del Tribunal Agroambiental\u201d, se\u00f1ala el comunicado oficial que fundamenta la declaratoria de duelo institucional.<\/p>\n<p>El duelo institucional rige a partir de este viernes y contempla el izado de la bandera nacional a media asta en todas las dependencias judiciales, el uso de list\u00f3n negro por autoridades y funcionarios, la suspensi\u00f3n de actos protocolares y la instalaci\u00f3n de capillas ardientes.<\/p>\n<p>La instituci\u00f3n aclar\u00f3 que el duelo no implica la suspensi\u00f3n de actividades jurisdiccionales ni administrativas, por lo que los plazos legales, la atenci\u00f3n al p\u00fablico y el trabajo operativo continuar\u00e1n con normalidad en todo el pa\u00eds.<\/p>\n<p>El \u00d3rgano Judicial expres\u00f3 sus condolencias a la familia, amistades y allegados del magistrado, y reafirm\u00f3 su compromiso con la independencia judicial, la defensa de la vida y el rechazo a toda forma de violencia.<\/p>","protected":false},"excerpt":{"rendered":"<p>El duelo no implica la suspensi\u00f3n de actividades jurisdiccionales ni administrativas, por lo que los plazos legales, la<\/p>\n","protected":false},"author":1,"featured_media":0,"comment_status":"","ping_status":"","sticky":false,"template":"","format":"standard","meta":{"fifu_image_url":"https:\/\/hub.idealabgroup.com\/public\/uploads\/img_a72a38ff996ed2c83ae2f9cc2ee887bea9301305.webp","fifu_image_alt":"","footnotes":""},"categories":[22],"tags":[],"class_list":["post-12057","post","type-post","status-publish","format-standard","hentry","category-bolivia"],"_links":{"self":[{"href":"https:\/\/desdelsurnoticias.com\/index.php\/wp-json\/wp\/v2\/posts\/12057","targetHints":{"allow":["GET"]}}],"collection":[{"href":"https:\/\/desdelsurnoticias.com\/index.php\/wp-json\/wp\/v2\/posts"}],"about":[{"href":"https:\/\/desdelsurnoticias.com\/index.php\/wp-json\/wp\/v2\/types\/post"}],"author":[{"embeddable":true,"href":"https:\/\/desdelsurnoticias.com\/index.php\/wp-json\/wp\/v2\/users\/1"}],"replies":[{"embeddable":true,"href":"https:\/\/desdelsurnoticias.com\/index.php\/wp-json\/wp\/v2\/comments?post=12057"}],"version-history":[{"count":0,"href":"https:\/\/desdelsurnoticias.com\/index.php\/wp-json\/wp\/v2\/posts\/12057\/revisions"}],"wp:attachment":[{"href":"https:\/\/desdelsurnoticias.com\/index.php\/wp-json\/wp\/v2\/media?parent=12057"}],"wp:term":[{"taxonomy":"category","embeddable":true,"href":"https:\/\/desdelsurnoticias.com\/index.php\/wp-json\/wp\/v2\/categories?post=12057"},{"taxonomy":"post_tag","embeddable":true,"href":"https:\/\/desdelsurnoticias.com\/index.php\/wp-json\/wp\/v2\/tags?post=12057"}],"curies":[{"name":"wp","href":"https:\/\/api.w.org\/{rel}","templated":true}]}}