{"id":12059,"date":"2026-05-02T20:51:00","date_gmt":"2026-05-03T00:51:00","guid":{"rendered":"https:\/\/desdelsurnoticias.com\/index.php\/2026\/05\/02\/familia-de-laura-rojas-clama-celeridad-en-la-investigacion-mientras-su-encierro-se-prolonga\/"},"modified":"2026-05-02T20:51:00","modified_gmt":"2026-05-03T00:51:00","slug":"familia-de-laura-rojas-clama-celeridad-en-la-investigacion-mientras-su-encierro-se-prolonga","status":"publish","type":"post","link":"https:\/\/desdelsurnoticias.com\/index.php\/2026\/05\/02\/familia-de-laura-rojas-clama-celeridad-en-la-investigacion-mientras-su-encierro-se-prolonga\/","title":{"rendered":"Familia de Laura Rojas clama celeridad en la investigaci\u00f3n, mientras su encierro se prolonga"},"content":{"rendered":"<p>La audiencia de los siete detenidos por el caso maletas fue suspendida el jueves. Fotos: Juan Carlos Torrej\u00f3n<\/p>\n<figure class=\"wp-block-image\"><img decoding=\"async\" src=\"https:\/\/hub.idealabgroup.com\/public\/uploads\/img_3e82c460a45f6c65f947421462dc72c3200653ed.webp\" alt=\"\"\/><\/figure>\n<p>A trav\u00e9s de un comunicado difundido este s\u00e1bado,&nbsp;familiares y amigos de la exdiputada Laura Rojas pidieron celeridad en las investigaciones del denominado \u201ccaso maletas\u201d, luego de que, en la jornada del jueves 30 de abril, una audiencia por una segunda imputaci\u00f3n fue suspendida, ante la ausencia del juez Hebert Zeballos, uno de los principales involucrados.<\/p>\n<p>El pronunciamiento enfatiza el sufrimiento humano detr\u00e1s del proceso:&nbsp;el dolor de una madre, la angustia de una familia y, sobre todo, la distancia que separa a Laura de sus dos hijas menores de edad. Para sus allegados, ese es el costo m\u00e1s profundo del proceso, que consideran marcada por intereses que van m\u00e1s all\u00e1 de lo que se observa a simple vista.<\/p>\n<p>En el comunicado, la familia de la exparlamentaria destac\u00f3 la serenidad con la que Rojas enfrent\u00f3 la jornada:&nbsp;\u201cLaura no escondi\u00f3 su rostro, no baj\u00f3 la cabeza y no se refugi\u00f3 en el miedo, como s\u00ed ocurri\u00f3 con otros acusados. Se present\u00f3 con valent\u00eda, con la frente en alto y con una mirada serena, sin rencor, pero firme ante quienes verdaderamente cargan con responsabilidades y hoy contin\u00faan en libertad, mientras insisten desde las sombras en prolongar su encierro\u201d.<\/p>\n<p>Rojas fue trasladada para comparecer ante una nueva audiencia; sin embargo, la ausencia del principal acusado impidi\u00f3 que esta se desarrollara y deriv\u00f3 en una nueva reprogramaci\u00f3n. Para sus familiares y amigos, el episodio dej\u00f3 una sensaci\u00f3n de frustraci\u00f3n, pero tambi\u00e9n reforz\u00f3 su convicci\u00f3n de seguir acompa\u00f1\u00e1ndola hasta lograr que su situaci\u00f3n sea esclarecida.<\/p>\n<p>Sin apuntar directamente a responsables concretos, la familia expres\u00f3 su preocupaci\u00f3n por factores externos que, a su juicio, podr\u00edan estar influyendo para prolongar su permanencia en prisi\u00f3n, mientras otras personas vinculadas al caso contin\u00faan en libertad. Aun as\u00ed, sostienen que mantendr\u00e1n su confianza en que la justicia y la verdad terminar\u00e1n prevaleciendo.<\/p>\n<p>\u201cLaura no est\u00e1 sola. Su familia y sus amigos seguimos firmes, unidos y convencidos de que la verdad prevalecer\u00e1\u201d, expresa el comunicado, al reafirmar que no desistir\u00e1n en su acompa\u00f1amiento.<\/p>","protected":false},"excerpt":{"rendered":"<p>La audiencia de los siete detenidos por el caso maletas fue suspendida el jueves. Fotos: Juan Carlos Torrej\u00f3n<\/p>\n","protected":false},"author":1,"featured_media":0,"comment_status":"","ping_status":"","sticky":false,"template":"","format":"standard","meta":{"fifu_image_url":"https:\/\/hub.idealabgroup.com\/public\/uploads\/img_3e82c460a45f6c65f947421462dc72c3200653ed.webp","fifu_image_alt":"","footnotes":""},"categories":[43],"tags":[],"class_list":["post-12059","post","type-post","status-publish","format-standard","hentry","category-santa-cruz"],"_links":{"self":[{"href":"https:\/\/desdelsurnoticias.com\/index.php\/wp-json\/wp\/v2\/posts\/12059","targetHints":{"allow":["GET"]}}],"collection":[{"href":"https:\/\/desdelsurnoticias.com\/index.php\/wp-json\/wp\/v2\/posts"}],"about":[{"href":"https:\/\/desdelsurnoticias.com\/index.php\/wp-json\/wp\/v2\/types\/post"}],"author":[{"embeddable":true,"href":"https:\/\/desdelsurnoticias.com\/index.php\/wp-json\/wp\/v2\/users\/1"}],"replies":[{"embeddable":true,"href":"https:\/\/desdelsurnoticias.com\/index.php\/wp-json\/wp\/v2\/comments?post=12059"}],"version-history":[{"count":0,"href":"https:\/\/desdelsurnoticias.com\/index.php\/wp-json\/wp\/v2\/posts\/12059\/revisions"}],"wp:attachment":[{"href":"https:\/\/desdelsurnoticias.com\/index.php\/wp-json\/wp\/v2\/media?parent=12059"}],"wp:term":[{"taxonomy":"category","embeddable":true,"href":"https:\/\/desdelsurnoticias.com\/index.php\/wp-json\/wp\/v2\/categories?post=12059"},{"taxonomy":"post_tag","embeddable":true,"href":"https:\/\/desdelsurnoticias.com\/index.php\/wp-json\/wp\/v2\/tags?post=12059"}],"curies":[{"name":"wp","href":"https:\/\/api.w.org\/{rel}","templated":true}]}}