{"id":12242,"date":"2026-08-31T21:03:00","date_gmt":"2026-09-01T01:03:00","guid":{"rendered":"https:\/\/desdelsurnoticias.com\/index.php\/2026\/08\/31\/zamora-posesiona-a-nueva-viceministra-de-telecomunicaciones-y-director-de-la-dgac\/"},"modified":"2026-08-31T21:03:00","modified_gmt":"2026-09-01T01:03:00","slug":"zamora-posesiona-a-nueva-viceministra-de-telecomunicaciones-y-director-de-la-dgac","status":"publish","type":"post","link":"https:\/\/desdelsurnoticias.com\/index.php\/2026\/08\/31\/zamora-posesiona-a-nueva-viceministra-de-telecomunicaciones-y-director-de-la-dgac\/","title":{"rendered":"Zamora posesiona a nueva viceministra de Telecomunicaciones y director de la DGAC"},"content":{"rendered":"<figure class=\"wp-block-image\"><img decoding=\"async\" src=\"https:\/\/hub.idealabgroup.com\/public\/uploads\/img_c0e050efac1d982b506fb85c9e861ded746e7506.webp\" alt=\"Cynthia Aramayo y Erick Vargas durante el acto de juramento.&amp;nbsp;\"\/><figcaption>Cynthia Aramayo y Erick Vargas durante el acto de juramento.&nbsp;<\/figcaption><\/figure>\n<p class=\"wp-block-paragraph\">El ministro de Obras P\u00fablicas, Mauricio Zamora, posesion\u00f3 este lunes a Cynthia Aramayo Aguilar como viceministra de Telecomunicaciones y a Erick Eduardo Vargas Campero como director ejecutivo interino de la Direcci\u00f3n General de Aeron\u00e1utica Civil (DGAC), en reemplazo de Jos\u00e9 Antonio Fanola Orias.<\/p>\n<p class=\"wp-block-paragraph\">\u201cEs un \u00e1rea apasionante el tema de tecnolog\u00eda y de telecomunicaciones, es un reto impresionante\u201d, afirm\u00f3 Aramayo, quien se\u00f1al\u00f3 que asume el cargo con experiencia en el \u00e1rea regulatoria y que su gesti\u00f3n estar\u00e1 marcada por \u201cla transparencia por encima de todo, el respeto y el trabajo en equipo\u201d.<\/p>\n<p class=\"wp-block-paragraph\">Aramayo, abogada con maestr\u00eda en Derecho Corporativo y de Empresas, tiene m\u00e1s de 37 a\u00f1os de trayectoria profesional y estuvo vinculada al sector privado, la banca y el \u00e1mbito ferroviario. Fue asesora legal y gerente general de la Empresa Ferroviaria Andina S.A. y, en los \u00faltimos meses, estuvo al frente de la Unidad T\u00e9cnica de Ferrocarriles del Ministerio de Obras P\u00fablicas.<\/p>\n<p class=\"wp-block-paragraph\">Por su parte, Vargas llega a la DGAC con 48 a\u00f1os de experiencia aeron\u00e1utica y m\u00e1s de 20.000 horas de vuelo. Antes ocup\u00f3 la Direcci\u00f3n de Seguridad Operacional de la instituci\u00f3n y fue jefe de un proyecto de la OACI; tras su posesi\u00f3n, afirm\u00f3: \u201cEstamos asumiendo este reto con responsabilidad totalmente t\u00e9cnica e institucional\u201d y se\u00f1al\u00f3 que buscar\u00e1 avanzar en la pol\u00edtica de cielos abiertos.&nbsp;<\/p>","protected":false},"excerpt":{"rendered":"<p>El ministro de Obras P\u00fablicas, Mauricio Zamora, posesion\u00f3 este lunes a Cynthia Aramayo Aguilar como viceministra de Telecomunicaciones<\/p>\n","protected":false},"author":1,"featured_media":0,"comment_status":"","ping_status":"","sticky":false,"template":"","format":"standard","meta":{"fifu_image_url":"","fifu_image_alt":"","footnotes":""},"categories":[22],"tags":[],"class_list":["post-12242","post","type-post","status-publish","format-standard","hentry","category-bolivia"],"_links":{"self":[{"href":"https:\/\/desdelsurnoticias.com\/index.php\/wp-json\/wp\/v2\/posts\/12242","targetHints":{"allow":["GET"]}}],"collection":[{"href":"https:\/\/desdelsurnoticias.com\/index.php\/wp-json\/wp\/v2\/posts"}],"about":[{"href":"https:\/\/desdelsurnoticias.com\/index.php\/wp-json\/wp\/v2\/types\/post"}],"author":[{"embeddable":true,"href":"https:\/\/desdelsurnoticias.com\/index.php\/wp-json\/wp\/v2\/users\/1"}],"replies":[{"embeddable":true,"href":"https:\/\/desdelsurnoticias.com\/index.php\/wp-json\/wp\/v2\/comments?post=12242"}],"version-history":[{"count":0,"href":"https:\/\/desdelsurnoticias.com\/index.php\/wp-json\/wp\/v2\/posts\/12242\/revisions"}],"wp:attachment":[{"href":"https:\/\/desdelsurnoticias.com\/index.php\/wp-json\/wp\/v2\/media?parent=12242"}],"wp:term":[{"taxonomy":"category","embeddable":true,"href":"https:\/\/desdelsurnoticias.com\/index.php\/wp-json\/wp\/v2\/categories?post=12242"},{"taxonomy":"post_tag","embeddable":true,"href":"https:\/\/desdelsurnoticias.com\/index.php\/wp-json\/wp\/v2\/tags?post=12242"}],"curies":[{"name":"wp","href":"https:\/\/api.w.org\/{rel}","templated":true}]}}