{"id":12243,"date":"2026-09-01T19:39:00","date_gmt":"2026-09-01T23:39:00","guid":{"rendered":"https:\/\/desdelsurnoticias.com\/index.php\/2026\/09\/01\/tuto-propone-a-paz-solicitar-una-comision-internacional-para-investigar-el-caso-cerimedo\/"},"modified":"2026-09-01T19:39:00","modified_gmt":"2026-09-01T23:39:00","slug":"tuto-propone-a-paz-solicitar-una-comision-internacional-para-investigar-el-caso-cerimedo","status":"publish","type":"post","link":"https:\/\/desdelsurnoticias.com\/index.php\/2026\/09\/01\/tuto-propone-a-paz-solicitar-una-comision-internacional-para-investigar-el-caso-cerimedo\/","title":{"rendered":"Tuto propone a Paz solicitar una comisi\u00f3n internacional para investigar el caso Cerimedo"},"content":{"rendered":"<figure class=\"wp-block-image\"><img decoding=\"async\" src=\"https:\/\/hub.idealabgroup.com\/public\/uploads\/img_17e0358c2981dd8aeec39e37bdbb08571fdd7619.webp\" alt=\"El expresidente Jorge Tuto Quiroga.&amp;nbsp;\"\/><figcaption>El expresidente Jorge Tuto Quiroga.&nbsp;<\/figcaption><\/figure>\n<p class=\"wp-block-paragraph\">El l\u00edder de Libre, Jorge Tuto Quiroga, recomend\u00f3 este martes al presidente Rodrigo Paz pedir conformar una comisi\u00f3n internacional para investigar el caso relacionado con Fernando Cerimedo y Nadia Beller, porque, de lo contrario, \u201csiempre habr\u00e1 un manto de duda\u201d.<\/p>\n<p class=\"wp-block-paragraph\">\u201cSi quer\u00edan tener respaldo de la ciudadan\u00eda, transparencia (\u2026) cuando hay problemas de esta magnitud, con las repercusiones como esto, se necesita una comisi\u00f3n internacional\u201d, dijo Tuto en conferencia de prensa.<\/p>\n<p class=\"wp-block-paragraph\">Tuto se refiri\u00f3 a las declaraciones de Beller, quien vincul\u00f3 a su expareja, Cerimedo, con un supuesto fuerte poder de influencia dentro del Gobierno de Paz.<\/p>\n<p class=\"wp-block-paragraph\">\u201cPresidente, pida una comisi\u00f3n internacional, como pas\u00f3 en Guatemala, Colombia y como tuvimos en Bolivia con la auditor\u00eda en 2019, como acabamos de tener con los 50 d\u00edas (de bloqueos), porque de lo contrario siempre habr\u00e1 un manto de duda\u201d, sostuvo el l\u00edder de Libre.<\/p>\n<p class=\"wp-block-paragraph\">Por otro lado, sobre el intento de feminicidio contra Beller, Quiroga pidi\u00f3 que la justicia act\u00fae con independencia y esclarezca el caso.<\/p>\n<p class=\"wp-block-paragraph\">\u201cLa credibilidad mellada se va da\u00f1ando cada vez m\u00e1s y lo que veo es un intento de ningunear a la v\u00edctima, diciendo que era aventurita, y ahora aparece el sicario que solo la quer\u00eda asustar a la v\u00edctima. Es escabroso, truculento. Se requiere que act\u00faen los \u00f3rganos judiciales con absoluta independencia. El Ministerio P\u00fablico dijo que va a actuar con independencia\u201d, resalt\u00f3<\/p>","protected":false},"excerpt":{"rendered":"<p>El l\u00edder de Libre, Jorge Tuto Quiroga, recomend\u00f3 este martes al presidente Rodrigo Paz pedir conformar una comisi\u00f3n<\/p>\n","protected":false},"author":1,"featured_media":0,"comment_status":"","ping_status":"","sticky":false,"template":"","format":"standard","meta":{"fifu_image_url":"","fifu_image_alt":"","footnotes":""},"categories":[22],"tags":[],"class_list":["post-12243","post","type-post","status-publish","format-standard","hentry","category-bolivia"],"_links":{"self":[{"href":"https:\/\/desdelsurnoticias.com\/index.php\/wp-json\/wp\/v2\/posts\/12243","targetHints":{"allow":["GET"]}}],"collection":[{"href":"https:\/\/desdelsurnoticias.com\/index.php\/wp-json\/wp\/v2\/posts"}],"about":[{"href":"https:\/\/desdelsurnoticias.com\/index.php\/wp-json\/wp\/v2\/types\/post"}],"author":[{"embeddable":true,"href":"https:\/\/desdelsurnoticias.com\/index.php\/wp-json\/wp\/v2\/users\/1"}],"replies":[{"embeddable":true,"href":"https:\/\/desdelsurnoticias.com\/index.php\/wp-json\/wp\/v2\/comments?post=12243"}],"version-history":[{"count":0,"href":"https:\/\/desdelsurnoticias.com\/index.php\/wp-json\/wp\/v2\/posts\/12243\/revisions"}],"wp:attachment":[{"href":"https:\/\/desdelsurnoticias.com\/index.php\/wp-json\/wp\/v2\/media?parent=12243"}],"wp:term":[{"taxonomy":"category","embeddable":true,"href":"https:\/\/desdelsurnoticias.com\/index.php\/wp-json\/wp\/v2\/categories?post=12243"},{"taxonomy":"post_tag","embeddable":true,"href":"https:\/\/desdelsurnoticias.com\/index.php\/wp-json\/wp\/v2\/tags?post=12243"}],"curies":[{"name":"wp","href":"https:\/\/api.w.org\/{rel}","templated":true}]}}