{"id":12244,"date":"2026-09-02T20:45:00","date_gmt":"2026-09-03T00:45:00","guid":{"rendered":"https:\/\/desdelsurnoticias.com\/index.php\/2026\/09\/02\/ecojet-volvera-a-operar-en-sucre-y-tarija-desde-el-14-de-septiembre\/"},"modified":"2026-09-02T20:45:00","modified_gmt":"2026-09-03T00:45:00","slug":"ecojet-volvera-a-operar-en-sucre-y-tarija-desde-el-14-de-septiembre","status":"publish","type":"post","link":"https:\/\/desdelsurnoticias.com\/index.php\/2026\/09\/02\/ecojet-volvera-a-operar-en-sucre-y-tarija-desde-el-14-de-septiembre\/","title":{"rendered":"Ecojet volver\u00e1 a operar en Sucre y Tarija desde el 14 de septiembre"},"content":{"rendered":"<figure class=\"wp-block-image\"><img decoding=\"async\" src=\"https:\/\/hub.idealabgroup.com\/public\/uploads\/img_367451e3c3b9ceb879ca63668a379df860c85abe.webp\" alt=\"Ministro de Obras P\u00fablicas, Mauricio Zamora en conferencia de prensa junto a la directiva de Ecojet.&amp;nbsp;\"\/><figcaption>Ministro de Obras P\u00fablicas, Mauricio Zamora en conferencia de prensa junto a la directiva de Ecojet.&nbsp;<\/figcaption><\/figure>\n<p class=\"wp-block-paragraph\">El ministro de Obras P\u00fablicas, Servicios y Vivienda, Mauricio Zamora, anunci\u00f3 este mi\u00e9rcoles el reinicio de las operaciones de la aerol\u00ednea Ecojet en las ciudades de Sucre y Tarija a partir del pr\u00f3ximo 14 de septiembre.<\/p>\n<p class=\"wp-block-paragraph\">\u201cEsto va en la l\u00ednea de los cielos abiertos que nuestro presidente Rodrigo Paz nos encomend\u00f3, queremos mostrar a la poblaci\u00f3n que los frutos de este trabajo est\u00e1n dando resultados\u201d, dijo el ministro Zamora en conferencia de prensa. Mencion\u00f3 que el regreso a Sucre se concreta luego de dos a\u00f1os de ausencia.<\/p>\n<p class=\"wp-block-paragraph\">Mientras que la operaci\u00f3n en Tarija se retoma despu\u00e9s de seis a\u00f1os; ambas ciudades volver\u00e1n a formar parte de la red de destinos de la aerol\u00ednea privada. \u201cEs una gran noticia, lo que se quer\u00eda es ir incrementando frecuencias. Agradezco a Ecojet porque est\u00e1 haciendo un esfuerzo incre\u00edble\u201d, remarc\u00f3 el titular de Obras P\u00fablicas.<\/p>\n<p class=\"wp-block-paragraph\">Como parte de este retorno, Ecojet incorporar\u00e1 seis nuevas frecuencias semanales hacia Sucre y cuatro nuevas frecuencias semanales hacia Tarija, ampliando las alternativas de viaje para pasajeros, familias, empresas y visitantes.<\/p>\n<p class=\"wp-block-paragraph\">La aerol\u00ednea inform\u00f3 que viene realizando los trabajos necesarios para garantizar el reinicio de estas rutas, con el prop\u00f3sito de brindar nuevas opciones de conectividad a\u00e9rea y contribuir al desarrollo regional.<\/p>\n<p class=\"wp-block-paragraph\">Ecojet tambi\u00e9n se\u00f1al\u00f3 que continuar\u00e1 trabajando para renovar frecuencias, ampliar destinos y fortalecer la conexi\u00f3n a\u00e9rea entre las diferentes regiones del pa\u00eds.<\/p>","protected":false},"excerpt":{"rendered":"<p>El ministro de Obras P\u00fablicas, Servicios y Vivienda, Mauricio Zamora, anunci\u00f3 este mi\u00e9rcoles el reinicio de las operaciones<\/p>\n","protected":false},"author":1,"featured_media":0,"comment_status":"","ping_status":"","sticky":false,"template":"","format":"standard","meta":{"fifu_image_url":"","fifu_image_alt":"","footnotes":""},"categories":[23],"tags":[],"class_list":["post-12244","post","type-post","status-publish","format-standard","hentry","category-tarija"],"_links":{"self":[{"href":"https:\/\/desdelsurnoticias.com\/index.php\/wp-json\/wp\/v2\/posts\/12244","targetHints":{"allow":["GET"]}}],"collection":[{"href":"https:\/\/desdelsurnoticias.com\/index.php\/wp-json\/wp\/v2\/posts"}],"about":[{"href":"https:\/\/desdelsurnoticias.com\/index.php\/wp-json\/wp\/v2\/types\/post"}],"author":[{"embeddable":true,"href":"https:\/\/desdelsurnoticias.com\/index.php\/wp-json\/wp\/v2\/users\/1"}],"replies":[{"embeddable":true,"href":"https:\/\/desdelsurnoticias.com\/index.php\/wp-json\/wp\/v2\/comments?post=12244"}],"version-history":[{"count":0,"href":"https:\/\/desdelsurnoticias.com\/index.php\/wp-json\/wp\/v2\/posts\/12244\/revisions"}],"wp:attachment":[{"href":"https:\/\/desdelsurnoticias.com\/index.php\/wp-json\/wp\/v2\/media?parent=12244"}],"wp:term":[{"taxonomy":"category","embeddable":true,"href":"https:\/\/desdelsurnoticias.com\/index.php\/wp-json\/wp\/v2\/categories?post=12244"},{"taxonomy":"post_tag","embeddable":true,"href":"https:\/\/desdelsurnoticias.com\/index.php\/wp-json\/wp\/v2\/tags?post=12244"}],"curies":[{"name":"wp","href":"https:\/\/api.w.org\/{rel}","templated":true}]}}