{"id":12245,"date":"2026-09-03T21:07:00","date_gmt":"2026-09-04T01:07:00","guid":{"rendered":"https:\/\/desdelsurnoticias.com\/index.php\/2026\/09\/03\/jp-propone-terminar-la-subvencion-generalizada-y-compensar-con-bono-a-usuarios-de-transporte-publico\/"},"modified":"2026-09-03T21:07:00","modified_gmt":"2026-09-04T01:07:00","slug":"jp-propone-terminar-la-subvencion-generalizada-y-compensar-con-bono-a-usuarios-de-transporte-publico","status":"publish","type":"post","link":"https:\/\/desdelsurnoticias.com\/index.php\/2026\/09\/03\/jp-propone-terminar-la-subvencion-generalizada-y-compensar-con-bono-a-usuarios-de-transporte-publico\/","title":{"rendered":"JP propone terminar la subvenci\u00f3n generalizada y compensar con bono a usuarios de transporte p\u00fablico"},"content":{"rendered":"<figure class=\"wp-block-image\"><img decoding=\"async\" src=\"https:\/\/hub.idealabgroup.com\/public\/uploads\/img_862458890f3d793b3f95f833e3aa97c5964e0890.webp\" alt=\"El gobernador de Santa Cruz, Juan Pablo Velasco.&amp;nbsp;\"\/><figcaption>El gobernador de Santa Cruz, Juan Pablo Velasco.&nbsp;<\/figcaption><\/figure>\n<p class=\"wp-block-paragraph\">En medio de la crisis de carburantes en el pa\u00eds, el gobernador de Santa Cruz, Juan Pablo Velasco, plante\u00f3 terminar con la subvenci\u00f3n generalizada a los combustibles y reemplazarla por mecanismos de compensaci\u00f3n dirigidos a las personas que utilizan el transporte p\u00fablico y que requieran apoyo durante la transici\u00f3n.<\/p>\n<p class=\"wp-block-paragraph\">En un posteo, Velasco propuso que YPFB deje de importar y comercializar combustibles subsidiados y que se abra el mercado a operadores privados para la importaci\u00f3n, comercializaci\u00f3n y distribuci\u00f3n de carburantes a precio real.<\/p>\n<p class=\"wp-block-paragraph\">Seg\u00fan la propuesta del gobernador, con un precio actualizado del barril de petr\u00f3leo se podr\u00eda llegar a un costo de 16,5 bolivianos por litro.<\/p>\n<p class=\"wp-block-paragraph\">Velasco sostuvo que la subvenci\u00f3n generalizada debe terminar y que la ayuda estatal debe dirigirse \u201ca las personas que realmente la necesitan, no al combustible\u201d.<\/p>\n<p class=\"wp-block-paragraph\">Como parte de su planteamiento, propuso una etapa de transici\u00f3n de tres meses durante la cual se implemente un bono directo de emergencia para usuarios del transporte p\u00fablico que requieran compensaci\u00f3n.<\/p>\n<p class=\"wp-block-paragraph\">Posteriormente, plante\u00f3 migrar hacia un sistema tecnol\u00f3gico mediante la tercera placa (B-Sisa), que permita la identificaci\u00f3n electr\u00f3nica del veh\u00edculo, el registro de los kil\u00f3metros recorridos y el uso de par\u00e1metros t\u00e9cnicos de consumo.<\/p>\n<p class=\"wp-block-paragraph\">El objetivo, seg\u00fan explic\u00f3, ser\u00eda focalizar la subvenci\u00f3n en el transporte p\u00fablico efectivamente prestado y evitar que el beneficio se aplique de manera indiscriminada.<\/p>\n<p class=\"wp-block-paragraph\">Velasco tambi\u00e9n se\u00f1al\u00f3 que la apertura del mercado deber\u00eda permitir la participaci\u00f3n de empresas privadas y nuevos proveedores internacionales. En ese marco, afirm\u00f3 que la Goberanci\u00f3n de Santa Cruz tiene una propuesta para trabajar con empresas privadas y proveedores que actualmente no trabajan con el Gobierno Nacional.<\/p>\n<p class=\"wp-block-paragraph\">\u201cSanta Cruz est\u00e1 preparada\u201d, afirm\u00f3 el gobernador, al se\u00f1alar que la administraci\u00f3n departamental tendr\u00eda capacidad para articular una soluci\u00f3n destinada a cubrir de manera inmediata la demanda de combustibles del departamento.<\/p>\n<p class=\"wp-block-paragraph\">Sin embargo, Velasco advirti\u00f3 que, para incentivar la participaci\u00f3n privada, no se puede exigir al sector privado importar combustible a precio internacional y, al mismo tiempo, obligarlo a competir con carburantes comercializados artificialmente por debajo de su costo real.<\/p>\n<p class=\"wp-block-paragraph\">El gobernador sostuvo que mientras coexistan un precio artificialmente bajo, escasez, contrabando y mercados paralelos, los operadores privados no podr\u00e1n competir en igualdad de condiciones y el problema del abastecimiento continuar\u00e1.<\/p>","protected":false},"excerpt":{"rendered":"<p>En medio de la crisis de carburantes en el pa\u00eds, el gobernador de Santa Cruz, Juan Pablo Velasco,<\/p>\n","protected":false},"author":1,"featured_media":0,"comment_status":"","ping_status":"","sticky":false,"template":"","format":"standard","meta":{"fifu_image_url":"","fifu_image_alt":"","footnotes":""},"categories":[43],"tags":[],"class_list":["post-12245","post","type-post","status-publish","format-standard","hentry","category-santa-cruz"],"_links":{"self":[{"href":"https:\/\/desdelsurnoticias.com\/index.php\/wp-json\/wp\/v2\/posts\/12245","targetHints":{"allow":["GET"]}}],"collection":[{"href":"https:\/\/desdelsurnoticias.com\/index.php\/wp-json\/wp\/v2\/posts"}],"about":[{"href":"https:\/\/desdelsurnoticias.com\/index.php\/wp-json\/wp\/v2\/types\/post"}],"author":[{"embeddable":true,"href":"https:\/\/desdelsurnoticias.com\/index.php\/wp-json\/wp\/v2\/users\/1"}],"replies":[{"embeddable":true,"href":"https:\/\/desdelsurnoticias.com\/index.php\/wp-json\/wp\/v2\/comments?post=12245"}],"version-history":[{"count":0,"href":"https:\/\/desdelsurnoticias.com\/index.php\/wp-json\/wp\/v2\/posts\/12245\/revisions"}],"wp:attachment":[{"href":"https:\/\/desdelsurnoticias.com\/index.php\/wp-json\/wp\/v2\/media?parent=12245"}],"wp:term":[{"taxonomy":"category","embeddable":true,"href":"https:\/\/desdelsurnoticias.com\/index.php\/wp-json\/wp\/v2\/categories?post=12245"},{"taxonomy":"post_tag","embeddable":true,"href":"https:\/\/desdelsurnoticias.com\/index.php\/wp-json\/wp\/v2\/tags?post=12245"}],"curies":[{"name":"wp","href":"https:\/\/api.w.org\/{rel}","templated":true}]}}